{"id":44353,"date":"2023-10-30T00:52:59","date_gmt":"2023-10-30T00:52:59","guid":{"rendered":"https:\/\/todoapulmon-rafaela.com\/?p=44353"},"modified":"2023-10-30T00:58:13","modified_gmt":"2023-10-30T00:58:13","slug":"44353","status":"publish","type":"post","link":"https:\/\/todoapulmon-rafaela.com\/index.php\/2023\/10\/30\/44353\/","title":{"rendered":"CRAR y 9 de Julio de Morteros, los finalistas de la A1 Rafaela"},"content":{"rendered":"<p>Se definieron los finalistas del Absoluto de primera y reserva de la Zona A1 Rafaela de la FOSH, en la jornada que se desarroll\u00f3 este domingo en el sint\u00e9tico de Sarmiento de Humboldt.<br \/>\nEn la divisi\u00f3n superior, CRAR derrot\u00f3 a 9 de Julio por 4 a 1 con goles de Guillermina Astudillo -2-, Maitena Zanabria y Milagros Al\u00ed, mientras que para el \u00ab9\u00bb convirti\u00f3 Luc\u00eda Romano.<\/p>\n<p><img loading=\"lazy\" decoding=\"async\" class=\"alignnone size-full wp-image-44355\" src=\"https:\/\/todoapulmon-rafaela.com\/wp-content\/uploads\/2023\/10\/Equipo-morteros.jpg\" alt=\"\" width=\"1200\" height=\"1600\" srcset=\"https:\/\/todoapulmon-rafaela.com\/wp-content\/uploads\/2023\/10\/Equipo-morteros.jpg 1200w, https:\/\/todoapulmon-rafaela.com\/wp-content\/uploads\/2023\/10\/Equipo-morteros-225x300.jpg 225w, https:\/\/todoapulmon-rafaela.com\/wp-content\/uploads\/2023\/10\/Equipo-morteros-1125x1500.jpg 1125w, https:\/\/todoapulmon-rafaela.com\/wp-content\/uploads\/2023\/10\/Equipo-morteros-1152x1536.jpg 1152w\" sizes=\"(max-width: 1200px) 100vw, 1200px\" \/><br \/>\nEn la otra semifinal, empataron 1 a 1 Sportivo Norte y 9 de Julio de Morteros, clasificando por ventaja deportiva el equipo morterense. Los goles fueron de Luzmila Galeano para el equipo rafaelino y Tatiana G\u00f3mez para Morteros.<br \/>\nEn Reserva, clasificaron a la final CRAR al ganarle a 9 de Julio 2 a 1 (goles de Maitena Zanabria y de Pierina Stucky para las verdes, y de Camila Bravo para las Leonas julienses), y 9 de Julio de Morteros, que empat\u00f3 1 a 1 con Sarmiento de Humboldt y clasific\u00f3 tambi\u00e9n por ventaja deportiva.<\/p>\n<p>Las finales van a desarrollarse el domingo pr\u00f3ximo en el sint\u00e9tico de CRAR, junto a las finales de divisiones inferiores.<\/p>\n","protected":false},"excerpt":{"rendered":"<p>Se definieron los finalistas del Absoluto de primera y reserva de la Zona A1 Rafaela de la FOSH, en la<\/p>\n","protected":false},"author":2,"featured_media":44354,"comment_status":"closed","ping_status":"closed","sticky":false,"template":"","format":"standard","meta":{"footnotes":""},"categories":[3,24],"tags":[],"class_list":["post-44353","post","type-post","status-publish","format-standard","has-post-thumbnail","hentry","category-hockey","category-noticias-destacadas"],"cc_featured_image_caption":{"caption_text":"","source_text":"","source_url":""},"_links":{"self":[{"href":"https:\/\/todoapulmon-rafaela.com\/index.php\/wp-json\/wp\/v2\/posts\/44353"}],"collection":[{"href":"https:\/\/todoapulmon-rafaela.com\/index.php\/wp-json\/wp\/v2\/posts"}],"about":[{"href":"https:\/\/todoapulmon-rafaela.com\/index.php\/wp-json\/wp\/v2\/types\/post"}],"author":[{"embeddable":true,"href":"https:\/\/todoapulmon-rafaela.com\/index.php\/wp-json\/wp\/v2\/users\/2"}],"replies":[{"embeddable":true,"href":"https:\/\/todoapulmon-rafaela.com\/index.php\/wp-json\/wp\/v2\/comments?post=44353"}],"version-history":[{"count":3,"href":"https:\/\/todoapulmon-rafaela.com\/index.php\/wp-json\/wp\/v2\/posts\/44353\/revisions"}],"predecessor-version":[{"id":44358,"href":"https:\/\/todoapulmon-rafaela.com\/index.php\/wp-json\/wp\/v2\/posts\/44353\/revisions\/44358"}],"wp:featuredmedia":[{"embeddable":true,"href":"https:\/\/todoapulmon-rafaela.com\/index.php\/wp-json\/wp\/v2\/media\/44354"}],"wp:attachment":[{"href":"https:\/\/todoapulmon-rafaela.com\/index.php\/wp-json\/wp\/v2\/media?parent=44353"}],"wp:term":[{"taxonomy":"category","embeddable":true,"href":"https:\/\/todoapulmon-rafaela.com\/index.php\/wp-json\/wp\/v2\/categories?post=44353"},{"taxonomy":"post_tag","embeddable":true,"href":"https:\/\/todoapulmon-rafaela.com\/index.php\/wp-json\/wp\/v2\/tags?post=44353"}],"curies":[{"name":"wp","href":"https:\/\/api.w.org\/{rel}","templated":true}]}}