{"id":442,"date":"2016-04-17T18:35:19","date_gmt":"2016-04-17T18:35:19","guid":{"rendered":"http:\/\/todoapulmon-rafaela.com\/?p=442"},"modified":"2016-04-17T18:35:49","modified_gmt":"2016-04-17T18:35:49","slug":"la-sanjuanina-domino-el-argentino-de-ruta","status":"publish","type":"post","link":"https:\/\/todoapulmon-rafaela.com\/index.php\/2016\/04\/17\/la-sanjuanina-domino-el-argentino-de-ruta\/","title":{"rendered":"La Sanjuanina domin\u00f3 el Argentino de Ruta"},"content":{"rendered":"<p>Este mediod\u00eda finaliz\u00f3 el Campeonato Argentino de Ruta de ciclismo de ruta en Catamarca, con la prueba de pelot\u00f3n para la categor\u00eda Elite. Mauro Richeze, representante de la Sanjuanina, se qued\u00f3 con el triunfo. Su hermano Adri\u00e1n Richeze obtuvo la plata y Juli\u00e1n Gaday fue bronce, luego de 3h59m9s de emociones en los 180km programados.<br \/>\nEl s\u00e1bado, en la categor\u00eda Sub 23, el riojano Juan Molina -tambi\u00e9n representante de la Federaci\u00f3n Sanjuanina- obtuvo la victoria con un tiempo de 2h44m52s para los 120 km. recorridos. En el sprint final venci\u00f3 a Federico Vivas en el cierre de las 13 vueltas al circuito callejero alrededor de la ciudad de Catamarca, y los 120km que tuvo la carrera. Fernando Torres de San Luis, entr\u00f3 tercero.<br \/>\nEn la prueba de damas se impuso CarlaAlvarez (Sanjuanina) con un tiempo de 1h7m21s para los 45 km. Luego lleg\u00f3 Dolores Rodr\u00edguez Rey y tercera Graciela Z\u00e1rate. Aqu\u00ed fue sexta la representante de ACCOS, Mariela Delgado.<br \/>\nCabe recordar que la Asociaci\u00f3n Ciclista Centro Oeste Santafesino, con Daniel y Norberto Capella como entrenadores, tambi\u00e9n tuvo como representantes a Manuel Schonfeld, Marcos Peralta, Gonzalo Gudi\u00f1o y Franco Vazquez, que estuvieron en la competencia de Sub 23.<\/p>\n","protected":false},"excerpt":{"rendered":"<p>Este mediod\u00eda finaliz\u00f3 el Campeonato Argentino de Ruta de ciclismo de ruta en Catamarca, con la prueba de pelot\u00f3n para<\/p>\n","protected":false},"author":2,"featured_media":443,"comment_status":"open","ping_status":"open","sticky":false,"template":"","format":"standard","meta":{"footnotes":""},"categories":[4],"tags":[],"class_list":["post-442","post","type-post","status-publish","format-standard","has-post-thumbnail","hentry","category-ciclismo"],"cc_featured_image_caption":{"caption_text":"Hugo Vazquez, Franco Vazquez, Gonzalo Gudi\u00f1o, Marcos Peralta, Manuel Schonfeld y Daniel Capella previo a largar en Sub 23 (foto prensa ACCOS).","source_text":"","source_url":""},"_links":{"self":[{"href":"https:\/\/todoapulmon-rafaela.com\/index.php\/wp-json\/wp\/v2\/posts\/442"}],"collection":[{"href":"https:\/\/todoapulmon-rafaela.com\/index.php\/wp-json\/wp\/v2\/posts"}],"about":[{"href":"https:\/\/todoapulmon-rafaela.com\/index.php\/wp-json\/wp\/v2\/types\/post"}],"author":[{"embeddable":true,"href":"https:\/\/todoapulmon-rafaela.com\/index.php\/wp-json\/wp\/v2\/users\/2"}],"replies":[{"embeddable":true,"href":"https:\/\/todoapulmon-rafaela.com\/index.php\/wp-json\/wp\/v2\/comments?post=442"}],"version-history":[{"count":2,"href":"https:\/\/todoapulmon-rafaela.com\/index.php\/wp-json\/wp\/v2\/posts\/442\/revisions"}],"predecessor-version":[{"id":445,"href":"https:\/\/todoapulmon-rafaela.com\/index.php\/wp-json\/wp\/v2\/posts\/442\/revisions\/445"}],"wp:featuredmedia":[{"embeddable":true,"href":"https:\/\/todoapulmon-rafaela.com\/index.php\/wp-json\/wp\/v2\/media\/443"}],"wp:attachment":[{"href":"https:\/\/todoapulmon-rafaela.com\/index.php\/wp-json\/wp\/v2\/media?parent=442"}],"wp:term":[{"taxonomy":"category","embeddable":true,"href":"https:\/\/todoapulmon-rafaela.com\/index.php\/wp-json\/wp\/v2\/categories?post=442"},{"taxonomy":"post_tag","embeddable":true,"href":"https:\/\/todoapulmon-rafaela.com\/index.php\/wp-json\/wp\/v2\/tags?post=442"}],"curies":[{"name":"wp","href":"https:\/\/api.w.org\/{rel}","templated":true}]}}