{"id":44128,"date":"2023-10-20T17:39:53","date_gmt":"2023-10-20T17:39:53","guid":{"rendered":"https:\/\/todoapulmon-rafaela.com\/?p=44128"},"modified":"2023-10-20T17:40:23","modified_gmt":"2023-10-20T17:40:23","slug":"naira-castillo-molina-convocada-a-un-campus-de-facimo","status":"publish","type":"post","link":"https:\/\/todoapulmon-rafaela.com\/index.php\/2023\/10\/20\/naira-castillo-molina-convocada-a-un-campus-de-facimo\/","title":{"rendered":"Naira Castillo Molina convocada a un Campus de FACiMo"},"content":{"rendered":"<p>La ciclista lehmennse Naira Castillo Molina fue convocada a un Campus de entrenamiento para j\u00f3venes talentos del ciclismo de monta\u00f1a.<br \/>\nLa FACiMo (Federaci\u00f3n Argentina de Ciclismo de Monta\u00f1a), realizar\u00e1 la concentraci\u00f3n del 8 al 12 de noviembre en la ciudad de San Fernando del Valle de Catamarca, dedicada a deportistas de categor\u00edas Sub 14 y Sub 16, mujeres y varones.<br \/>\nLa actividad estar\u00e1 supervisada por el Prof. Ra\u00fal Alanis, de la cual formar\u00e1n parte cinco ciclistas de cada categor\u00eda.<br \/>\nEntre las seleccionadas figura Naira Castillo, en categor\u00eda Sub 16, quien viene de tener un muy buen rendimiento en los Juegos Nacionales Evita en Mar del Plata, y luego de su primera participaci\u00f3n en el Campeonato Argentino de XCO en La Calera (C\u00f3rdoba).<br \/>\nEste tipo de campus se realizan por parte del ente rector del ciclismo de monta\u00f1a, para mejorar y elevar el nivel deportivo-competitivo de los y las ciclistas, y de la especialidad en general, lo cual significa tami\u00e9n un gran aliciente para los j\u00f3venes pedalistas.<\/p>\n<p>En cada categor\u00eda, tanto en varones como mujeres, se convocaron cinco bikers titulares y tres suplentes. De la provincia de Santa Fe, entre los titulares adem\u00e1s de Naira, fue convocado Nicol\u00e1s Nari en Sub 16.<br \/>\nComo corolario de la semana de concentraci\u00f3n, disputar\u00e1n la Copa Internacional UCI Catamarca, los d\u00edas 11 y 12 de noviembre, en XCC y XCO.<\/p>\n","protected":false},"excerpt":{"rendered":"<p>La ciclista lehmennse Naira Castillo Molina fue convocada a un Campus de entrenamiento para j\u00f3venes talentos del ciclismo de monta\u00f1a.<\/p>\n","protected":false},"author":2,"featured_media":44129,"comment_status":"closed","ping_status":"closed","sticky":false,"template":"","format":"standard","meta":{"footnotes":""},"categories":[4],"tags":[],"class_list":["post-44128","post","type-post","status-publish","format-standard","has-post-thumbnail","hentry","category-ciclismo"],"cc_featured_image_caption":{"caption_text":"","source_text":"","source_url":""},"_links":{"self":[{"href":"https:\/\/todoapulmon-rafaela.com\/index.php\/wp-json\/wp\/v2\/posts\/44128"}],"collection":[{"href":"https:\/\/todoapulmon-rafaela.com\/index.php\/wp-json\/wp\/v2\/posts"}],"about":[{"href":"https:\/\/todoapulmon-rafaela.com\/index.php\/wp-json\/wp\/v2\/types\/post"}],"author":[{"embeddable":true,"href":"https:\/\/todoapulmon-rafaela.com\/index.php\/wp-json\/wp\/v2\/users\/2"}],"replies":[{"embeddable":true,"href":"https:\/\/todoapulmon-rafaela.com\/index.php\/wp-json\/wp\/v2\/comments?post=44128"}],"version-history":[{"count":2,"href":"https:\/\/todoapulmon-rafaela.com\/index.php\/wp-json\/wp\/v2\/posts\/44128\/revisions"}],"predecessor-version":[{"id":44131,"href":"https:\/\/todoapulmon-rafaela.com\/index.php\/wp-json\/wp\/v2\/posts\/44128\/revisions\/44131"}],"wp:featuredmedia":[{"embeddable":true,"href":"https:\/\/todoapulmon-rafaela.com\/index.php\/wp-json\/wp\/v2\/media\/44129"}],"wp:attachment":[{"href":"https:\/\/todoapulmon-rafaela.com\/index.php\/wp-json\/wp\/v2\/media?parent=44128"}],"wp:term":[{"taxonomy":"category","embeddable":true,"href":"https:\/\/todoapulmon-rafaela.com\/index.php\/wp-json\/wp\/v2\/categories?post=44128"},{"taxonomy":"post_tag","embeddable":true,"href":"https:\/\/todoapulmon-rafaela.com\/index.php\/wp-json\/wp\/v2\/tags?post=44128"}],"curies":[{"name":"wp","href":"https:\/\/api.w.org\/{rel}","templated":true}]}}