{"id":44124,"date":"2023-10-20T16:09:08","date_gmt":"2023-10-20T16:09:08","guid":{"rendered":"https:\/\/todoapulmon-rafaela.com\/?p=44124"},"modified":"2023-10-20T16:27:52","modified_gmt":"2023-10-20T16:27:52","slug":"con-gran-presencia-rafaelina-santa-fe-inicia-el-argentino-juvenil","status":"publish","type":"post","link":"https:\/\/todoapulmon-rafaela.com\/index.php\/2023\/10\/20\/con-gran-presencia-rafaelina-santa-fe-inicia-el-argentino-juvenil\/","title":{"rendered":"Con gran presencia rafaelina, Santa Fe inicia el Argentino Juvenil"},"content":{"rendered":"<p>El seleccionado juvenil de la Uni\u00f3n Santafesina de Rugby iniciar\u00e1 este s\u00e1bado el Campeonato Argentino, de Zona Ascenso, visitando a Alto Valle en la ciudad rionegrina de General Roca. El partido se disputar\u00e1 desde las 13 en la cancha del Roca Rugby Club, en la provincia de R\u00edo Negro, con el arbitraje de Juan Ignacio Vega (Casilda, URR).<\/p>\n<p>Como es tradicional desde hace varios a\u00f1os, varios jugadores del CRAR son protagonistas del plantel. En este primer compromiso son integrantes de la delegaci\u00f3n Lautaro Saravia, Santiago Clemenz, M\u00e1ximo Astesano, Valentino Ferrero, Alejandro Brasca, Valentino Appo y Tom\u00e1s L\u00f3pez. Adem\u00e1s, forman parte del plantel para el campeonato Francisco Lehmann y Franco Vivas.<\/p>\n<p>El entrenador principal es Gregorio Favre; asistentes: Diego Colli, Iv\u00e1n Fendrich, Jos\u00e9 Weisemberg y Alejandro Moreira; PF: Jos\u00e9 Jacquat y Alejandro Beber; Federico Bruzzone, kinesi\u00f3logo; Alejandro Brasca y Agust\u00edn Leiva los managers. Enrique Patrizzi presidente de la USR, viaj\u00f3 al frente de la delegaci\u00f3n que tiene estos jugadores:<\/p>\n<p>Mehring Mateo<br \/>\nCescut Federico<br \/>\nOnorato Jorge<br \/>\nSaravia Lautaro<br \/>\nClemenz Santiago<br \/>\nAstesano M\u00e1ximo<br \/>\nRamirez Sim\u00f3n<br \/>\nFerrero Valentino<br \/>\nAyala Galo<br \/>\nArangio Mat\u00edas<br \/>\nRosillo, Brian Luciano<br \/>\nBenavidez Bautista<br \/>\nPonzio Agustin<br \/>\nCardin I\u00f1aki<br \/>\nG\u00f3mez Ignacio<br \/>\nBallestieri Genaro<br \/>\nMazza Valent\u00edn<br \/>\nRava Tom\u00e1s<br \/>\nBrasca Alejandro<br \/>\nDe Marco Francisco<br \/>\nAppo Valentino<br \/>\nPanza Ger\u00f3nimo<br \/>\nMalatini Valent\u00edn<br \/>\nRossi Ignacio<br \/>\nReynoso Jos\u00e9<br \/>\nLopez Tom\u00e1s<br \/>\nP\u00e9rez Baker Martin.<\/p>\n<p>En la segunda fecha, el 28 de octubre, la USR ser\u00e1 local ante Santiago del Estero en Santa Fe Rugby, y el domingo 5 de noviembre en el Concentrado en Rosario enfrentar\u00e1 a Chubut.<\/p>\n","protected":false},"excerpt":{"rendered":"<p>El seleccionado juvenil de la Uni\u00f3n Santafesina de Rugby iniciar\u00e1 este s\u00e1bado el Campeonato Argentino, de Zona Ascenso, visitando a<\/p>\n","protected":false},"author":2,"featured_media":44125,"comment_status":"closed","ping_status":"closed","sticky":false,"template":"","format":"standard","meta":{"footnotes":""},"categories":[24,2],"tags":[],"class_list":["post-44124","post","type-post","status-publish","format-standard","has-post-thumbnail","hentry","category-noticias-destacadas","category-rugby"],"cc_featured_image_caption":{"caption_text":"Los nueve jugadores de CRAR en el seleccionado juvenil 2023 de la USR. (Foto CRAR oficial).","source_text":"","source_url":""},"_links":{"self":[{"href":"https:\/\/todoapulmon-rafaela.com\/index.php\/wp-json\/wp\/v2\/posts\/44124"}],"collection":[{"href":"https:\/\/todoapulmon-rafaela.com\/index.php\/wp-json\/wp\/v2\/posts"}],"about":[{"href":"https:\/\/todoapulmon-rafaela.com\/index.php\/wp-json\/wp\/v2\/types\/post"}],"author":[{"embeddable":true,"href":"https:\/\/todoapulmon-rafaela.com\/index.php\/wp-json\/wp\/v2\/users\/2"}],"replies":[{"embeddable":true,"href":"https:\/\/todoapulmon-rafaela.com\/index.php\/wp-json\/wp\/v2\/comments?post=44124"}],"version-history":[{"count":2,"href":"https:\/\/todoapulmon-rafaela.com\/index.php\/wp-json\/wp\/v2\/posts\/44124\/revisions"}],"predecessor-version":[{"id":44127,"href":"https:\/\/todoapulmon-rafaela.com\/index.php\/wp-json\/wp\/v2\/posts\/44124\/revisions\/44127"}],"wp:featuredmedia":[{"embeddable":true,"href":"https:\/\/todoapulmon-rafaela.com\/index.php\/wp-json\/wp\/v2\/media\/44125"}],"wp:attachment":[{"href":"https:\/\/todoapulmon-rafaela.com\/index.php\/wp-json\/wp\/v2\/media?parent=44124"}],"wp:term":[{"taxonomy":"category","embeddable":true,"href":"https:\/\/todoapulmon-rafaela.com\/index.php\/wp-json\/wp\/v2\/categories?post=44124"},{"taxonomy":"post_tag","embeddable":true,"href":"https:\/\/todoapulmon-rafaela.com\/index.php\/wp-json\/wp\/v2\/tags?post=44124"}],"curies":[{"name":"wp","href":"https:\/\/api.w.org\/{rel}","templated":true}]}}