{"id":44086,"date":"2023-10-18T22:11:33","date_gmt":"2023-10-18T22:11:33","guid":{"rendered":"https:\/\/todoapulmon-rafaela.com\/?p=44086"},"modified":"2023-10-18T22:11:33","modified_gmt":"2023-10-18T22:11:33","slug":"el-seleccionado-sub-12-de-la-lrf-participara-en-rosario","status":"publish","type":"post","link":"https:\/\/todoapulmon-rafaela.com\/index.php\/2023\/10\/18\/el-seleccionado-sub-12-de-la-lrf-participara-en-rosario\/","title":{"rendered":"El seleccionado Sub 12 de la LRF participar\u00e1 en Rosario"},"content":{"rendered":"<p style=\"font-weight: 400\">La selecci\u00f3n Femenina Sub 12 de la Liga Rafaelina de F\u00fatbol participar\u00e1 del Encuentro Provincial a desarrollarse el pr\u00f3ximo s\u00e1bado en la ciudad de Rosario.<\/p>\n<p style=\"font-weight: 400\">El plantel, de 18 jugadoras, est\u00e1 conducido por Luciano Barbero y su ayudante de campo es Juan Rivero. Estas son las integrantes:<\/p>\n<p style=\"font-weight: 400\">\u2013 Catalina Dunky (Ben Hur)<\/p>\n<p style=\"font-weight: 400\">\u2013 Yana Forni L\u00f3pez (Ben Hur)<\/p>\n<p style=\"font-weight: 400\">\u2013 Gina Bessone (Ben Hur)<\/p>\n<p style=\"font-weight: 400\">\u2013 Camila Maldonado (Atl\u00e9tico de Rafaela)<\/p>\n<p style=\"font-weight: 400\">\u2013 Indiana Monserrat (Atl\u00e9tico de Rafaela)<\/p>\n<p style=\"font-weight: 400\">\u2013 Valentina Carizo (Atl\u00e9tico de Rafaela)<\/p>\n<p style=\"font-weight: 400\">\u2013 Sof\u00eda Leurino (9 de Julio)<\/p>\n<p style=\"font-weight: 400\">\u2013 Margarita Zenklusen (9 de Julio)<\/p>\n<p style=\"font-weight: 400\">\u2013 Valentina Schmidt (9 de Julio)<\/p>\n<p style=\"font-weight: 400\">\u2013 Narela Gonz\u00e1lez (Cicles Club)<\/p>\n<p style=\"font-weight: 400\">\u2013 Oriana Elia (Cicles Club)<\/p>\n<p style=\"font-weight: 400\">\u2013 Brianna Barbero (Cicles Club)<\/p>\n<p style=\"font-weight: 400\">\u2013 Mar\u00eda Sol Duarte (Argentino de Humberto)<\/p>\n<p style=\"font-weight: 400\">\u2013 Delfina Viotti (Argentino de Humberto)<\/p>\n<p style=\"font-weight: 400\">\u2013 Ana G\u00f3mez Gazzaniga (Argentino de Humberto)<\/p>\n<p style=\"font-weight: 400\">\u2013 Luz Onysiv (Libertad de Sunchales)<\/p>\n<p style=\"font-weight: 400\">\u2013 Valentina Guti\u00e9rrez (Libertad de Sunchales)<\/p>\n<p style=\"font-weight: 400\">\u2013 Jazm\u00edn Fritzler (Libertad de Sunchales).<\/p>\n","protected":false},"excerpt":{"rendered":"<p>La selecci\u00f3n Femenina Sub 12 de la Liga Rafaelina de F\u00fatbol participar\u00e1 del Encuentro Provincial a desarrollarse el pr\u00f3ximo s\u00e1bado<\/p>\n","protected":false},"author":2,"featured_media":44087,"comment_status":"closed","ping_status":"closed","sticky":false,"template":"","format":"standard","meta":{"footnotes":""},"categories":[31],"tags":[],"class_list":["post-44086","post","type-post","status-publish","format-standard","has-post-thumbnail","hentry","category-futbol-femenino"],"cc_featured_image_caption":{"caption_text":"Foto Liga Rafaelina","source_text":"","source_url":""},"_links":{"self":[{"href":"https:\/\/todoapulmon-rafaela.com\/index.php\/wp-json\/wp\/v2\/posts\/44086"}],"collection":[{"href":"https:\/\/todoapulmon-rafaela.com\/index.php\/wp-json\/wp\/v2\/posts"}],"about":[{"href":"https:\/\/todoapulmon-rafaela.com\/index.php\/wp-json\/wp\/v2\/types\/post"}],"author":[{"embeddable":true,"href":"https:\/\/todoapulmon-rafaela.com\/index.php\/wp-json\/wp\/v2\/users\/2"}],"replies":[{"embeddable":true,"href":"https:\/\/todoapulmon-rafaela.com\/index.php\/wp-json\/wp\/v2\/comments?post=44086"}],"version-history":[{"count":1,"href":"https:\/\/todoapulmon-rafaela.com\/index.php\/wp-json\/wp\/v2\/posts\/44086\/revisions"}],"predecessor-version":[{"id":44088,"href":"https:\/\/todoapulmon-rafaela.com\/index.php\/wp-json\/wp\/v2\/posts\/44086\/revisions\/44088"}],"wp:featuredmedia":[{"embeddable":true,"href":"https:\/\/todoapulmon-rafaela.com\/index.php\/wp-json\/wp\/v2\/media\/44087"}],"wp:attachment":[{"href":"https:\/\/todoapulmon-rafaela.com\/index.php\/wp-json\/wp\/v2\/media?parent=44086"}],"wp:term":[{"taxonomy":"category","embeddable":true,"href":"https:\/\/todoapulmon-rafaela.com\/index.php\/wp-json\/wp\/v2\/categories?post=44086"},{"taxonomy":"post_tag","embeddable":true,"href":"https:\/\/todoapulmon-rafaela.com\/index.php\/wp-json\/wp\/v2\/tags?post=44086"}],"curies":[{"name":"wp","href":"https:\/\/api.w.org\/{rel}","templated":true}]}}