{"id":44069,"date":"2023-10-19T12:15:50","date_gmt":"2023-10-19T12:15:50","guid":{"rendered":"https:\/\/todoapulmon-rafaela.com\/?p=44069"},"modified":"2023-10-20T12:09:12","modified_gmt":"2023-10-20T12:09:12","slug":"los-dias-y-horarios-de-competencias-de-los-rafaelinos-en-los-panamericanos","status":"publish","type":"post","link":"https:\/\/todoapulmon-rafaela.com\/index.php\/2023\/10\/19\/los-dias-y-horarios-de-competencias-de-los-rafaelinos-en-los-panamericanos\/","title":{"rendered":"Los d\u00edas y horarios de competencias de los rafaelinos en los Panamericanos"},"content":{"rendered":"<p>Gran parte de los atletas de los 41 pa\u00edses que participar\u00e1n en Santiago 2023 reci\u00e9n est\u00e1n llegando a la Villa Panamericana, pero ya hay clima de estos XIX Juegos Panamericanos que se empezaron a vivir con la ceremonia del izamiento de las banderas que se realiz\u00f3 ayer en la capital chilena.<\/p>\n<p>La delegaci\u00f3n argentina estar\u00e1 conformada por 522 atletas (247 mujeres y 275 varones) y 12 atletas de reserva, que competir\u00e1n en 57 disciplinas de 37 deportes que componen el Programa de Competencias. No obstante, muchos se ir\u00e1n incorporando a medida que se acerque la programaci\u00f3n de sus deportes, por un tema de organizaci\u00f3n y alojamientos en la Villa.<\/p>\n<p>En cuanto a los deportistas de nuestra ciudad, las basquetbolistas Delfina y Candela Gentinetta participar\u00e1n en los primeros d\u00edas, lo mismo que la ciclista Natalia Vera. En cambio, los atletas Tom\u00e1s Mondino y Pedro Emmert lo har\u00e1n en la segunda semana.<\/p>\n<p>La ceremonia inaugural se realizar\u00e1 este viernes desde las 20.30. Este es el detalle de la programaci\u00f3n de los deportistas de Rafaela que integran la delegaci\u00f3n nacional:<\/p>\n<p>DELFINA GENTINETTA<\/p>\n<p>Integrante del equipo argentino femenino de b\u00e1squet 3&#215;3.<\/p>\n<p>21\/10 17.30hs Argentina vs Uruguay<br \/>\n22\/10 14.30hs Argentina vs Brasil<br \/>\n22\/10 A partir de las 17.00hs. \u2013 Cuartos de Final.<\/p>\n<p>CANDELA GENTINETTA<\/p>\n<p>Integrante del equipo argentino femenino de b\u00e1squet 5&#215;5.<\/p>\n<p>25\/10 17.30 Argentina vs. Cuba.<\/p>\n<p>26\/10 20.00 Argentina vs. Chile.<\/p>\n<p>27\/10 17.30 Argentina vs. Puerto Rico.<\/p>\n<p>De clasificar, 28\/10 semifinales y 29\/10 finales.<\/p>\n<p>TOMAS MONDINO<\/p>\n<p>Integrar\u00e1 la posta 4&#215;100 masculina. Las semifinales est\u00e1n previstas para el jueves 2 de noviembre a las 18.25 y 18.35, respectivamente. Si clasifica a la final compite el mismo d\u00eda a las 21.<\/p>\n<p>PEDRO EMMERT<\/p>\n<p>Integrar\u00e1 la posta 4&#215;400 masculina que tendr\u00e1 las semifinales el viernes 3 de noviembre a las 20.50 y 21 horas, respectivamente. La final ser\u00e1 el s\u00e1bado 4 de noviembre a las 20.35.<\/p>\n<p>NATALIA VERA<\/p>\n<p>Integrante del equipo argentino de pista de ciclismo.<\/p>\n<p>24\/10 11.30 Clasificaci\u00f3n de la velocidad por equipos. De clasificar, 19.07 final.<\/p>\n<p>25\/10 10.04 keirin, primera ronda. De clasificar, 19.07 final.<\/p>\n<p>26\/10 10.05 clasificaci\u00f3n de velocidad. A partir de las 19.05 matchs cuartos de final.<\/p>\n<p>27\/10 de clasificar, 10.05 semifinales y 10.32 finales.<\/p>\n<p>&nbsp;<\/p>\n","protected":false},"excerpt":{"rendered":"<p>Gran parte de los atletas de los 41 pa\u00edses que participar\u00e1n en Santiago 2023 reci\u00e9n est\u00e1n llegando a la Villa<\/p>\n","protected":false},"author":2,"featured_media":43701,"comment_status":"closed","ping_status":"closed","sticky":false,"template":"","format":"standard","meta":{"footnotes":""},"categories":[24],"tags":[],"class_list":["post-44069","post","type-post","status-publish","format-standard","has-post-thumbnail","hentry","category-noticias-destacadas"],"cc_featured_image_caption":{"caption_text":"","source_text":"","source_url":""},"_links":{"self":[{"href":"https:\/\/todoapulmon-rafaela.com\/index.php\/wp-json\/wp\/v2\/posts\/44069"}],"collection":[{"href":"https:\/\/todoapulmon-rafaela.com\/index.php\/wp-json\/wp\/v2\/posts"}],"about":[{"href":"https:\/\/todoapulmon-rafaela.com\/index.php\/wp-json\/wp\/v2\/types\/post"}],"author":[{"embeddable":true,"href":"https:\/\/todoapulmon-rafaela.com\/index.php\/wp-json\/wp\/v2\/users\/2"}],"replies":[{"embeddable":true,"href":"https:\/\/todoapulmon-rafaela.com\/index.php\/wp-json\/wp\/v2\/comments?post=44069"}],"version-history":[{"count":6,"href":"https:\/\/todoapulmon-rafaela.com\/index.php\/wp-json\/wp\/v2\/posts\/44069\/revisions"}],"predecessor-version":[{"id":44120,"href":"https:\/\/todoapulmon-rafaela.com\/index.php\/wp-json\/wp\/v2\/posts\/44069\/revisions\/44120"}],"wp:featuredmedia":[{"embeddable":true,"href":"https:\/\/todoapulmon-rafaela.com\/index.php\/wp-json\/wp\/v2\/media\/43701"}],"wp:attachment":[{"href":"https:\/\/todoapulmon-rafaela.com\/index.php\/wp-json\/wp\/v2\/media?parent=44069"}],"wp:term":[{"taxonomy":"category","embeddable":true,"href":"https:\/\/todoapulmon-rafaela.com\/index.php\/wp-json\/wp\/v2\/categories?post=44069"},{"taxonomy":"post_tag","embeddable":true,"href":"https:\/\/todoapulmon-rafaela.com\/index.php\/wp-json\/wp\/v2\/tags?post=44069"}],"curies":[{"name":"wp","href":"https:\/\/api.w.org\/{rel}","templated":true}]}}