{"id":44043,"date":"2023-10-17T17:54:47","date_gmt":"2023-10-17T17:54:47","guid":{"rendered":"https:\/\/todoapulmon-rafaela.com\/?p=44043"},"modified":"2023-10-17T17:54:47","modified_gmt":"2023-10-17T17:54:47","slug":"dirigentes-y-autoridades-presentaron-la-carrera-de-tc","status":"publish","type":"post","link":"https:\/\/todoapulmon-rafaela.com\/index.php\/2023\/10\/17\/dirigentes-y-autoridades-presentaron-la-carrera-de-tc\/","title":{"rendered":"Dirigentes y autoridades presentaron la carrera de TC"},"content":{"rendered":"<div>En la ma\u00f1ana de este martes, se realiz\u00f3 una rueda de prensa a modo de presentaci\u00f3n de la nueva competencia. El intendente Luis Castellano, el vicepresidente del Club Atl\u00e9tico de Rafaela, Silvio Fontanini, e integrantes de la Subcomisi\u00f3n de Automovilismo del club estuvieron presentes para brindar informaci\u00f3n y detalles de una nueva carrera de Turismo de Carretera prevista para el domingo 29 de octubre.<\/div>\n<div><\/div>\n<div>Durante la conferencia se brindaron detalles del homenaje de la ACTC a los Campeones del Mundo de F\u00fatbol Qatar 2022, contando con la presencia del presidente de la AFA, Claudio Tapia, y de la Copa del Mundo obtenida en Qatar.<\/div>\n<div><\/div>\n<div>\u201cComo Intendente de la ciudad, me siento orgulloso del enorme trabajo que el club viene haciendo y de la fuerza que le ponen a las gestiones para que cada carrera, a\u00f1o a a\u00f1o, se puedan superar a ellos mismos, porque cada nuevo evento termina siendo mejor que el a\u00f1o anterior.\u201d De esta manera Luis Castellano brind\u00f3 su apoyo al club anfitri\u00f3n para la realizaci\u00f3n de tan trascendente evento.<\/div>\n<div><\/div>\n<div>Nuevamente Rafaela se vuelve a vestir de eventos con la idea de ampliar la oferta tur\u00edstica y las actividades para que la gente de la ciudad, de la regi\u00f3n y del resto del pa\u00eds pueda venir y tenerlo como una opci\u00f3n tur\u00edstica m\u00e1s. Este es un proceso en el cual el municipio junto con muchas instituciones, viene trabajando y posicionando la ciudad en ese sentido.<\/div>\n<div><\/div>\n<div>El fin de semana de la carrera coincidir\u00e1 con la celebraci\u00f3n del cumplea\u00f1os de Rafaela, en ese sentido el Intendente indic\u00f3: \u201cEl 24 de octubre es el cumplea\u00f1os de la ciudad y dentro de lo que son las actividades por su aniversario, no solamente est\u00e1 la carrera, sino cada una de las actividades que se enmarcan dentro de lo que es Rafaela Ciudad de Eventos\u201d.<\/div>\n<div><\/div>\n<div><strong>Automovilismo y f\u00fatbol<\/strong><\/div>\n<div>Respecto a la particularidad de traer y exhibir la Copa del Mundo, Castellano mencion\u00f3: \u201cMe parece que hay una hermosa combinaci\u00f3n entre f\u00fatbol y automovilismo con la posibilidad de tener la Copa del Mundo en la ciudad. Creo que va a ser un hecho simb\u00f3lico de caracter\u00edsticas inolvidables, justamente porque no siempre se gana una Copa del Mundo, y no siempre se da la posibilidad de poder tenerla en el momento en que se corre el turismo de carretera\u201d.<\/div>\n<div><\/div>\n<div>El inicio de la conferencia estuvo reservado al testimonio del vicepresidente del Club Atl\u00e9tico de Rafaela, Silvio Fontanini, quien fue enumerando la agenda de actividades vinculadas a una nueva fecha del TC en nuestra ciudad.<\/div>\n<div><\/div>\n<div>\u201cEl martes 24, a la tardecita, vamos a armar en el ingreso al aut\u00f3dromo una especie de fog\u00f3n y un escenario donde va a haber un poco de m\u00fasica, en agradecimiento a la gente que un mes antes va y se instala con sus casillas para ingresar. El d\u00eda viernes 27 vamos a hacer un evento de presentaci\u00f3n en forma conjunta con la Municipalidad en el centro de la ciudad donde van a girar por el bulevar Santa Fe autos de Turismo Carretera a ritmo controlado, mientras que el s\u00e1bado 28 se va a presentar un libro homenaje al se\u00f1or Ero Borgogno con todo lo que eso significa para Atl\u00e9tico y la ciudad\u201d.<\/div>\n<div><\/div>\n<div><strong>\u201cHomenaje a los campeones del mundo en Qatar\u201d<\/strong><\/div>\n<div>Fontanini explic\u00f3 c\u00f3mo se fue ideando la posibilidad de traer la Copa del Mundo a la carrera.\u00a0 \u201cCuando nos imaginamos esta carrera y nos imaginamos tratar de hacer un homenaje a los campeones del mundo de Qatar, pensamos en unir el TC y el f\u00fatbol, dos de las pasiones m\u00e1s grandes de la Argentina, en un lugar como Rafaela donde tenemos el privilegio de tener f\u00fatbol y automovilismo de primera desde hace tantos a\u00f1os. Gracias a las autoridades de la ACTC y las autoridades de AFA que dieron su conformidad vamos a tener la presencia de la copa del mundo ganada en Qatar\u201d.<\/div>\n<div><\/div>\n<div>Asimismo, el presidente de la Subcomisi\u00f3n de Automovilismo del club, Gustavo Belinde, ampli\u00f3 el detalle de las actividades previstas y las obras ejecutadas en el aut\u00f3dromo en el marco de la carrera. \u201cVamos a colocar dos pantallas gigantes dentro del predio y vamos a reubicar los ba\u00f1os para el confort del p\u00fablico. Respecto a las obras realizadas, el t\u00fanel ya est\u00e1 habilitado y tambi\u00e9n estamos haciendo algunas peque\u00f1as modificaciones en la torre de control. Como siempre, agradecer al municipio y al gobierno provincial, porque sin ellos nunca podr\u00edamos llegar a hacer esta carrera\u201d.<\/div>\n","protected":false},"excerpt":{"rendered":"<p>En la ma\u00f1ana de este martes, se realiz\u00f3 una rueda de prensa a modo de presentaci\u00f3n de la nueva competencia.<\/p>\n","protected":false},"author":2,"featured_media":44044,"comment_status":"closed","ping_status":"closed","sticky":false,"template":"","format":"standard","meta":{"footnotes":""},"categories":[1],"tags":[],"class_list":["post-44043","post","type-post","status-publish","format-standard","has-post-thumbnail","hentry","category-sin-categoria"],"cc_featured_image_caption":{"caption_text":"FOTO PRENSA MUNICIPALIDAD","source_text":"","source_url":""},"_links":{"self":[{"href":"https:\/\/todoapulmon-rafaela.com\/index.php\/wp-json\/wp\/v2\/posts\/44043"}],"collection":[{"href":"https:\/\/todoapulmon-rafaela.com\/index.php\/wp-json\/wp\/v2\/posts"}],"about":[{"href":"https:\/\/todoapulmon-rafaela.com\/index.php\/wp-json\/wp\/v2\/types\/post"}],"author":[{"embeddable":true,"href":"https:\/\/todoapulmon-rafaela.com\/index.php\/wp-json\/wp\/v2\/users\/2"}],"replies":[{"embeddable":true,"href":"https:\/\/todoapulmon-rafaela.com\/index.php\/wp-json\/wp\/v2\/comments?post=44043"}],"version-history":[{"count":1,"href":"https:\/\/todoapulmon-rafaela.com\/index.php\/wp-json\/wp\/v2\/posts\/44043\/revisions"}],"predecessor-version":[{"id":44045,"href":"https:\/\/todoapulmon-rafaela.com\/index.php\/wp-json\/wp\/v2\/posts\/44043\/revisions\/44045"}],"wp:featuredmedia":[{"embeddable":true,"href":"https:\/\/todoapulmon-rafaela.com\/index.php\/wp-json\/wp\/v2\/media\/44044"}],"wp:attachment":[{"href":"https:\/\/todoapulmon-rafaela.com\/index.php\/wp-json\/wp\/v2\/media?parent=44043"}],"wp:term":[{"taxonomy":"category","embeddable":true,"href":"https:\/\/todoapulmon-rafaela.com\/index.php\/wp-json\/wp\/v2\/categories?post=44043"},{"taxonomy":"post_tag","embeddable":true,"href":"https:\/\/todoapulmon-rafaela.com\/index.php\/wp-json\/wp\/v2\/tags?post=44043"}],"curies":[{"name":"wp","href":"https:\/\/api.w.org\/{rel}","templated":true}]}}