{"id":44003,"date":"2023-10-16T14:21:04","date_gmt":"2023-10-16T14:21:04","guid":{"rendered":"https:\/\/todoapulmon-rafaela.com\/?p=44003"},"modified":"2023-10-16T14:21:04","modified_gmt":"2023-10-16T14:21:04","slug":"excelentes-performances-rafaelinas-en-aldea-brasilera","status":"publish","type":"post","link":"https:\/\/todoapulmon-rafaela.com\/index.php\/2023\/10\/16\/excelentes-performances-rafaelinas-en-aldea-brasilera\/","title":{"rendered":"Excelentes performances rafaelinas en Aldea Brasilera"},"content":{"rendered":"<div class=\"x11i5rnm xat24cr x1mh8g0r x1vvkbs xtlvy1s x126k92a\">\n<div dir=\"auto\">El s\u00e1bado 14 de octubre se llev\u00f3 a cabo la 4\u00aa edici\u00f3n del Rural Bike de Aldea Brasilera, el premio 144\u00ba Aniversario de la poblaci\u00f3n entrerriana. El predio del Club Atl\u00e9tico San Jos\u00e9 fue el escenario de partida de 210 ciclistas representantes de diferentes provincias de la rep\u00fablica argentina, entre ellos representantes de nuestra ciudad.<\/div>\n<div dir=\"auto\">La carrera se desarroll\u00f3 por distintos caminos rurales de la zona.<\/div>\n<div dir=\"auto\">En la general Pro-Elite femenina se impuso la rafaelina Carolina Antelo en 1h 29m 05s, siendo cuarta Rosal\u00eda Gentinetta, tambi\u00e9n de nuestra ciudad.<\/div>\n<div dir=\"auto\">En la Elite-Pro de varones fue ganador el entrerriano de Victoria, Tom\u00e1s Clivio, habitual exponente del triatl\u00f3n, en 1h 43m 57s. A s\u00f3lo 1 segundo del vencedor lleg\u00f3 el rafaelino Maximiliano Toldo en muy buena performance para ocupar el segundo puesto.<\/div>\n<div dir=\"auto\">Tercero se ubic\u00f3 otro pedalista de nuestra ciudad, Juan Manuel Roggero, mientras que quinto fue Germ\u00e1n Leandri en un podio con tres rafaelinos.<\/div>\n<\/div>\n<div dir=\"auto\"><img loading=\"lazy\" decoding=\"async\" class=\"alignnone size-full wp-image-44012\" src=\"https:\/\/todoapulmon-rafaela.com\/wp-content\/uploads\/2023\/10\/IMG-20231016-WA0001.jpg\" alt=\"\" width=\"859\" height=\"809\" srcset=\"https:\/\/todoapulmon-rafaela.com\/wp-content\/uploads\/2023\/10\/IMG-20231016-WA0001.jpg 859w, https:\/\/todoapulmon-rafaela.com\/wp-content\/uploads\/2023\/10\/IMG-20231016-WA0001-300x283.jpg 300w\" sizes=\"(max-width: 859px) 100vw, 859px\" \/><\/div>\n<div class=\"x11i5rnm xat24cr x1mh8g0r x1vvkbs xtlvy1s x126k92a\">\n<div dir=\"auto\">En la Master Pro-varones fue segundo Edgardo Rasetto (1h 48m 13s), tercero el susanense Leonardo Gonz\u00e1lez (1h 48m 14s), cuarto Guillermo Basso (1h 51m 50) y sexto Mat\u00edas Vilches, en una categor\u00eda ganada por el rosarino Eduardo Vera (1h 48m 12s) por un segundo sobre Rasetto.<\/div>\n<div dir=\"auto\"><img loading=\"lazy\" decoding=\"async\" class=\"alignnone size-full wp-image-44013\" src=\"https:\/\/todoapulmon-rafaela.com\/wp-content\/uploads\/2023\/10\/Vilches-Rasetto-aldea.jpg\" alt=\"\" width=\"2018\" height=\"1191\" srcset=\"https:\/\/todoapulmon-rafaela.com\/wp-content\/uploads\/2023\/10\/Vilches-Rasetto-aldea.jpg 2018w, https:\/\/todoapulmon-rafaela.com\/wp-content\/uploads\/2023\/10\/Vilches-Rasetto-aldea-300x177.jpg 300w, https:\/\/todoapulmon-rafaela.com\/wp-content\/uploads\/2023\/10\/Vilches-Rasetto-aldea-1536x907.jpg 1536w\" sizes=\"(max-width: 2018px) 100vw, 2018px\" \/><\/div>\n<div dir=\"auto\">En otras categor\u00edas, en A1 de Rafaela qued\u00f3 cuarto Mat\u00edas Zeballos y en C2 fue quinto Ismael Isa.<\/div>\n<\/div>\n<div dir=\"auto\"><\/div>\n<div dir=\"auto\"><\/div>\n<div class=\"x11i5rnm xat24cr x1mh8g0r x1vvkbs xtlvy1s x126k92a\">\n<div dir=\"auto\"><\/div>\n<\/div>\n","protected":false},"excerpt":{"rendered":"<p>El s\u00e1bado 14 de octubre se llev\u00f3 a cabo la 4\u00aa edici\u00f3n del Rural Bike de Aldea Brasilera, el premio<\/p>\n","protected":false},"author":2,"featured_media":44011,"comment_status":"closed","ping_status":"closed","sticky":false,"template":"","format":"standard","meta":{"footnotes":""},"categories":[4,24],"tags":[],"class_list":["post-44003","post","type-post","status-publish","format-standard","has-post-thumbnail","hentry","category-ciclismo","category-noticias-destacadas"],"cc_featured_image_caption":{"caption_text":"Carolina Antelo gan\u00f3 en la Elite-pro femenina (foto Runnuing Time).","source_text":"","source_url":""},"_links":{"self":[{"href":"https:\/\/todoapulmon-rafaela.com\/index.php\/wp-json\/wp\/v2\/posts\/44003"}],"collection":[{"href":"https:\/\/todoapulmon-rafaela.com\/index.php\/wp-json\/wp\/v2\/posts"}],"about":[{"href":"https:\/\/todoapulmon-rafaela.com\/index.php\/wp-json\/wp\/v2\/types\/post"}],"author":[{"embeddable":true,"href":"https:\/\/todoapulmon-rafaela.com\/index.php\/wp-json\/wp\/v2\/users\/2"}],"replies":[{"embeddable":true,"href":"https:\/\/todoapulmon-rafaela.com\/index.php\/wp-json\/wp\/v2\/comments?post=44003"}],"version-history":[{"count":3,"href":"https:\/\/todoapulmon-rafaela.com\/index.php\/wp-json\/wp\/v2\/posts\/44003\/revisions"}],"predecessor-version":[{"id":44014,"href":"https:\/\/todoapulmon-rafaela.com\/index.php\/wp-json\/wp\/v2\/posts\/44003\/revisions\/44014"}],"wp:featuredmedia":[{"embeddable":true,"href":"https:\/\/todoapulmon-rafaela.com\/index.php\/wp-json\/wp\/v2\/media\/44011"}],"wp:attachment":[{"href":"https:\/\/todoapulmon-rafaela.com\/index.php\/wp-json\/wp\/v2\/media?parent=44003"}],"wp:term":[{"taxonomy":"category","embeddable":true,"href":"https:\/\/todoapulmon-rafaela.com\/index.php\/wp-json\/wp\/v2\/categories?post=44003"},{"taxonomy":"post_tag","embeddable":true,"href":"https:\/\/todoapulmon-rafaela.com\/index.php\/wp-json\/wp\/v2\/tags?post=44003"}],"curies":[{"name":"wp","href":"https:\/\/api.w.org\/{rel}","templated":true}]}}