{"id":43918,"date":"2023-10-13T02:33:21","date_gmt":"2023-10-13T02:33:21","guid":{"rendered":"https:\/\/todoapulmon-rafaela.com\/?p=43918"},"modified":"2023-10-13T02:47:35","modified_gmt":"2023-10-13T02:47:35","slug":"moneta-y-ameghino-recibieron-la-bandera-para-los-panamericanos","status":"publish","type":"post","link":"https:\/\/todoapulmon-rafaela.com\/index.php\/2023\/10\/13\/moneta-y-ameghino-recibieron-la-bandera-para-los-panamericanos\/","title":{"rendered":"Moneta y Ameghino recibieron la bandera para los Panamericanos"},"content":{"rendered":"<p>En el Centro Nacional de Alto Rendimiento Deportivo (CeNARD) tuvo lugar la despedida oficial de las delegaciones Argentinas que competir\u00e1n en los Juegos Panamericanos y Parapanamericanos Santiago 2023.<\/p>\n<p>La delegaci\u00f3n argentina que participar\u00e1 de los XIX Juegos Panamericanos Santiago 2023 estar\u00e1 conformada por 522 atletas (247 mujeres y 275 varones) y 12 atletas de reserva, que competir\u00e1n en 57 disciplinas de 37 deportes que componen el Programa de Competencias. Nuestra ciudad estar\u00e1 representada por los atletas Tom\u00e1s Mondino y Pedro Emmert, las hermanas basquetbolistas Candela y Delfina Gentinetta, y la ciclista Natalia Vera, nacida en Santiago del Estero, pero radicada desde hace varios a\u00f1os en Rafaela.<\/p>\n<p>Las autoridades del Comit\u00e9 Ol\u00edmpico Argentino (COA) presentes en la ceremonia fueron su presidente Mario Moccia, el vicepresidente 3\u00ba Marcelo Achile, el secretario general V\u00edctor Sergio Groupierre y la vocal 2\u00ba y subjefa de la Misi\u00f3n Argentina Mar\u00eda Julia Garisoain, el director de Comunicaci\u00f3n y Relaciones Institucionales Eduardo Moyano, consejeros y presidentes de federaciones nacionales.<br \/>\nEn representaci\u00f3n del Estado Nacional participaron la ministra de Desarrollo Social Victoria Tolosa Paz y la secretaria de Deportes y presidenta del Ente Nacional de Alto Rendimiento Deportivo (ENARD) In\u00e9s Arrondo. Por el Comit\u00e9 Paral\u00edmpico Argentino (COPAR) asisti\u00f3 su presidente Jos\u00e9 Mar\u00eda Valladares, tambi\u00e9n estuvieron presentes el director general del ENARD Daniel D\u00edaz, los exsecretarios de Deportes Fernando \u201cPato\u201d Galmarini y V\u00edctor Lupo y el campe\u00f3n ol\u00edmpico de vela Santiago Lange, entre otros.<br \/>\nEl acto comenz\u00f3 con el ingreso de la fanfarria militar \u201cAlto Per\u00fa\u201d del Regimiento de Granaderos a Caballo \u201cGeneral San Mart\u00edn\u201d que entonaron un popurr\u00ed de tangos, la Marcha de San Lorenzo y la Marcha de las Malvinas. Dos integrantes de granaderos le entregaron la bandera nacional a In\u00e9s Arrondo para que se la d\u00e9 Marcos Moneta quien, junto a Sabrina Ameghino, encabezar\u00e1 el desfile la noche del 20 de octubre durante la Ceremonia de Apertura del evento multideportivo m\u00e1s importante del continente. Los referentes del equipo paral\u00edmpico ser\u00e1n \u00c1ngel Deldo y Antonella Ruiz Diaz.<\/p>\n<p><img loading=\"lazy\" decoding=\"async\" class=\"alignnone size-full wp-image-43920\" src=\"https:\/\/todoapulmon-rafaela.com\/wp-content\/uploads\/2023\/10\/Bandera-Panamericanos2.jpg\" alt=\"\" width=\"1840\" height=\"1228\" srcset=\"https:\/\/todoapulmon-rafaela.com\/wp-content\/uploads\/2023\/10\/Bandera-Panamericanos2.jpg 1840w, https:\/\/todoapulmon-rafaela.com\/wp-content\/uploads\/2023\/10\/Bandera-Panamericanos2-300x200.jpg 300w, https:\/\/todoapulmon-rafaela.com\/wp-content\/uploads\/2023\/10\/Bandera-Panamericanos2-1536x1025.jpg 1536w\" sizes=\"(max-width: 1840px) 100vw, 1840px\" \/><br \/>\nLuego, la taekwondista no vidente, Agustina Araya, cant\u00f3 el himno nacional vestida con su dobok, volviendo a ese en uno de los momentos m\u00e1s emotivos de la tarde con su bella voz.<br \/>\nMarcos Moneta agradeci\u00f3 la oportunidad de portar la insignia patria y dijo. \u201cEs un orgullo y un sue\u00f1o grande poder representar a cada uno de ustedes. Vamos a dar lo m\u00e1ximo y lo vamos a hacer de la mejor manera posible. Les deseo el mayor de los \u00e9xitos a cada uno de los atletas que van a ir a competir y algunos a luchar la clasificaci\u00f3n a Paris 2024\u201d.<br \/>\n\u201cVamos a darlo todo y m\u00e1s en pos de cumplir nuestros objetivos y de representar a 45 millones de argentinos. Lo que m\u00e1s se admira de nosotros (los atletas argentinos) es la garra, el coraz\u00f3n y la pasi\u00f3n que ponemos a la hora de competir y en todas partes del mundo nos reconocen por ello y no tengo dudas que eso va a pasar en estos Juego Panamericanos\u201d asever\u00f3 el rugbier.<br \/>\n\u201cTodos vamos unidos en una misma delegaci\u00f3n y un mismo objetivo que es dejar la bandera lo m\u00e1s alto posible. As\u00ed que apoy\u00e9monos, ayud\u00e9monos y alent\u00e9monos para que cada uno se pueda desempe\u00f1ar de la mejor manera en estos Juegos Panamericanos. Vaci\u00e9monos todos en cada entrenamiento y a la hora de competir. \u00a1Vamos Argentina, carajo!\u201d vitore\u00f3 el abanderado del COA.<\/p>\n<p>ANUNCIO DE ARRONDO<br \/>\nIn\u00e9s Arrondo inform\u00f3 que \u201ca partir de ahora atletas, entrenadores y entrenadoras que representen a nuestro pa\u00eds y que est\u00e9n dentro del Programa de Becas de la Secretar\u00eda de Deportes de la Naci\u00f3n y del ENARD van a tener aportes para el sistema previsional. \u00a1Era una deuda hist\u00f3rica que ten\u00eda el Estado Argentino! Estuvimos trabajando much\u00edsimo y quer\u00edamos compart\u00edrselo en este momento especial para el deporte argentino. Son derechos adquiridos por quienes representan a nuestro pa\u00eds\u201d.<\/p>\n","protected":false},"excerpt":{"rendered":"<p>En el Centro Nacional de Alto Rendimiento Deportivo (CeNARD) tuvo lugar la despedida oficial de las delegaciones Argentinas que competir\u00e1n<\/p>\n","protected":false},"author":2,"featured_media":43919,"comment_status":"closed","ping_status":"closed","sticky":false,"template":"","format":"standard","meta":{"footnotes":""},"categories":[24],"tags":[],"class_list":["post-43918","post","type-post","status-publish","format-standard","has-post-thumbnail","hentry","category-noticias-destacadas"],"cc_featured_image_caption":{"caption_text":"","source_text":"","source_url":""},"_links":{"self":[{"href":"https:\/\/todoapulmon-rafaela.com\/index.php\/wp-json\/wp\/v2\/posts\/43918"}],"collection":[{"href":"https:\/\/todoapulmon-rafaela.com\/index.php\/wp-json\/wp\/v2\/posts"}],"about":[{"href":"https:\/\/todoapulmon-rafaela.com\/index.php\/wp-json\/wp\/v2\/types\/post"}],"author":[{"embeddable":true,"href":"https:\/\/todoapulmon-rafaela.com\/index.php\/wp-json\/wp\/v2\/users\/2"}],"replies":[{"embeddable":true,"href":"https:\/\/todoapulmon-rafaela.com\/index.php\/wp-json\/wp\/v2\/comments?post=43918"}],"version-history":[{"count":4,"href":"https:\/\/todoapulmon-rafaela.com\/index.php\/wp-json\/wp\/v2\/posts\/43918\/revisions"}],"predecessor-version":[{"id":43924,"href":"https:\/\/todoapulmon-rafaela.com\/index.php\/wp-json\/wp\/v2\/posts\/43918\/revisions\/43924"}],"wp:featuredmedia":[{"embeddable":true,"href":"https:\/\/todoapulmon-rafaela.com\/index.php\/wp-json\/wp\/v2\/media\/43919"}],"wp:attachment":[{"href":"https:\/\/todoapulmon-rafaela.com\/index.php\/wp-json\/wp\/v2\/media?parent=43918"}],"wp:term":[{"taxonomy":"category","embeddable":true,"href":"https:\/\/todoapulmon-rafaela.com\/index.php\/wp-json\/wp\/v2\/categories?post=43918"},{"taxonomy":"post_tag","embeddable":true,"href":"https:\/\/todoapulmon-rafaela.com\/index.php\/wp-json\/wp\/v2\/tags?post=43918"}],"curies":[{"name":"wp","href":"https:\/\/api.w.org\/{rel}","templated":true}]}}