{"id":43732,"date":"2023-10-07T18:14:16","date_gmt":"2023-10-07T18:14:16","guid":{"rendered":"https:\/\/todoapulmon-rafaela.com\/?p=43732"},"modified":"2023-10-07T18:14:16","modified_gmt":"2023-10-07T18:14:16","slug":"con-la-entrega-de-kits-ya-se-respira-clima-de-21k","status":"publish","type":"post","link":"https:\/\/todoapulmon-rafaela.com\/index.php\/2023\/10\/07\/con-la-entrega-de-kits-ya-se-respira-clima-de-21k\/","title":{"rendered":"Con la entrega de kits ya se respira clima de 21k"},"content":{"rendered":"<div>Este s\u00e1bado 7 de octubre, desde las 9:00 hasta las 18:00, la Municipalidad de Rafaela est\u00e1 realizando la tradicional entrega de kits para el evento deportivo m\u00e1s esperado del a\u00f1o: los 21K.<\/div>\n<div><\/div>\n<div>Al mediod\u00eda, estuvo presente el intendente Luis Castellano y dijo: \u201cFueron 12 a\u00f1os de construcci\u00f3n de un evento que no para de crecer, y esa es la importancia de mantener una pol\u00edtica, en este caso, vinculada al deporte\u201d.<\/div>\n<div><\/div>\n<div>\u201cEs uno de los grandes eventos dentro de la ciudad de eventos que desarrollamos. Durante todo el a\u00f1o genera que una enorme cantidad de personas entrenen, ocupen los espacios p\u00fablicos y, puntualmente, lleguen ma\u00f1ana a la cumbre que es la carrera\u201d.<\/div>\n<div><\/div>\n<div>\u201cEs importante porque ya trascendi\u00f3 la ciudad y la provincia. Muchas personas vienen a correr, otras a la caminata recreativa y otras a pasar un lindo domingo desde muy temprano. Le agradecemos a todas las personas y sponsors que colaboran para que sea posible\u201d; cerr\u00f3.<\/div>\n<div><\/div>\n<div>1000 competidores<\/div>\n<div><\/div>\n<div>Luego, Ignacio Podio, subsecretario de Deportes y Recreaci\u00f3n, valor\u00f3: \u201cEstamos en la entrega de los kits de la media marat\u00f3n de Rafaela. Me siento nervioso y contento por este gran evento que se viene desarrollando muy bien\u201d.<\/div>\n<div><\/div>\n<div>\u201cTenemos 1000 competidores que est\u00e1n retirando el kit en la sucursal de Megatone Rafaela. Ya luego prepararnos para ma\u00f1ana el gran evento\u201d; agreg\u00f3.<\/div>\n<div><\/div>\n<div>\u201cVenimos a buen ritmo para que ma\u00f1ana todos puedan disfrutar de este espect\u00e1culo para la ciudad\u201d; culmin\u00f3 Podio.<\/div>\n<div><\/div>\n<div>Detalles de la carrera<\/div>\n<div><\/div>\n<div>Los 21K de Rafaela se realizar\u00e1n el domingo 8 de octubre y habr\u00e1 una multitudinaria participaci\u00f3n de maratonistas de todas partes de la provincia y del pa\u00eds, quienes competir\u00e1n sobre las distancias de 21,10 y 5 kil\u00f3metros (las dos primeras, certificadas).<\/div>\n<div><img loading=\"lazy\" decoding=\"async\" class=\"alignnone size-full wp-image-43734\" src=\"https:\/\/todoapulmon-rafaela.com\/wp-content\/uploads\/2023\/10\/DSC_4157.jpg\" alt=\"\" width=\"1620\" height=\"1080\" srcset=\"https:\/\/todoapulmon-rafaela.com\/wp-content\/uploads\/2023\/10\/DSC_4157.jpg 1620w, https:\/\/todoapulmon-rafaela.com\/wp-content\/uploads\/2023\/10\/DSC_4157-300x200.jpg 300w, https:\/\/todoapulmon-rafaela.com\/wp-content\/uploads\/2023\/10\/DSC_4157-1536x1024.jpg 1536w\" sizes=\"(max-width: 1620px) 100vw, 1620px\" \/><\/div>\n<div><\/div>\n<div>Al igual que en ediciones pasadas, la largada se realizar\u00e1 por la ma\u00f1ana frente al Palacio Municipal.<\/div>\n<div><\/div>\n<div>Vale la pena mencionar que el d\u00eda del evento habr\u00e1 seis puestos de hidrataci\u00f3n para los corredores (en el quinto se dar\u00e1n frutas y en el sexto se brindar\u00e1n, adem\u00e1s, aguas isot\u00f3nicas, barritas de cereal y frutos secos). A su vez, dentro del parque cerrado ubicado en la Plaza 25 de Mayo estar\u00e1n a disposici\u00f3n especialistas m\u00e9dicos en kinesiolog\u00eda, podolog\u00eda y nutrici\u00f3n.<\/div>\n","protected":false},"excerpt":{"rendered":"<p>Este s\u00e1bado 7 de octubre, desde las 9:00 hasta las 18:00, la Municipalidad de Rafaela est\u00e1 realizando la tradicional entrega<\/p>\n","protected":false},"author":2,"featured_media":43733,"comment_status":"closed","ping_status":"closed","sticky":false,"template":"","format":"standard","meta":{"footnotes":""},"categories":[7,24],"tags":[],"class_list":["post-43732","post","type-post","status-publish","format-standard","has-post-thumbnail","hentry","category-atletismo","category-noticias-destacadas"],"cc_featured_image_caption":{"caption_text":"","source_text":"","source_url":""},"_links":{"self":[{"href":"https:\/\/todoapulmon-rafaela.com\/index.php\/wp-json\/wp\/v2\/posts\/43732"}],"collection":[{"href":"https:\/\/todoapulmon-rafaela.com\/index.php\/wp-json\/wp\/v2\/posts"}],"about":[{"href":"https:\/\/todoapulmon-rafaela.com\/index.php\/wp-json\/wp\/v2\/types\/post"}],"author":[{"embeddable":true,"href":"https:\/\/todoapulmon-rafaela.com\/index.php\/wp-json\/wp\/v2\/users\/2"}],"replies":[{"embeddable":true,"href":"https:\/\/todoapulmon-rafaela.com\/index.php\/wp-json\/wp\/v2\/comments?post=43732"}],"version-history":[{"count":1,"href":"https:\/\/todoapulmon-rafaela.com\/index.php\/wp-json\/wp\/v2\/posts\/43732\/revisions"}],"predecessor-version":[{"id":43735,"href":"https:\/\/todoapulmon-rafaela.com\/index.php\/wp-json\/wp\/v2\/posts\/43732\/revisions\/43735"}],"wp:featuredmedia":[{"embeddable":true,"href":"https:\/\/todoapulmon-rafaela.com\/index.php\/wp-json\/wp\/v2\/media\/43733"}],"wp:attachment":[{"href":"https:\/\/todoapulmon-rafaela.com\/index.php\/wp-json\/wp\/v2\/media?parent=43732"}],"wp:term":[{"taxonomy":"category","embeddable":true,"href":"https:\/\/todoapulmon-rafaela.com\/index.php\/wp-json\/wp\/v2\/categories?post=43732"},{"taxonomy":"post_tag","embeddable":true,"href":"https:\/\/todoapulmon-rafaela.com\/index.php\/wp-json\/wp\/v2\/tags?post=43732"}],"curies":[{"name":"wp","href":"https:\/\/api.w.org\/{rel}","templated":true}]}}