{"id":4371,"date":"2017-01-23T13:51:29","date_gmt":"2017-01-23T13:51:29","guid":{"rendered":"http:\/\/todoapulmon-rafaela.com\/?p=4371"},"modified":"2017-01-23T13:51:48","modified_gmt":"2017-01-23T13:51:48","slug":"4371","status":"publish","type":"post","link":"https:\/\/todoapulmon-rafaela.com\/index.php\/2017\/01\/23\/4371\/","title":{"rendered":"Ben Hur comienza la pretemporada en el basquet femenino"},"content":{"rendered":"<p class=\"x_MsoNormal\">Este lunes, el B\u00e1squet Femenino de Ben Hur pone en marcha la pretemporada como preparaci\u00f3n al inicio de un nuevo a\u00f1o de competencias. Los planteles que iniciar\u00e1n este trabajo ser\u00e1n, la Categor\u00eda U17 y Primera Divisi\u00f3n, de acuerdo a lo informado por el \u00e1rea de prensa de la instituci\u00f3n.<\/p>\n<p class=\"x_MsoNormal\">En esta primera etapa, las pr\u00e1cticas tendr\u00e1n lugar en el Estadio \u201c17 de Junio\u201d de lunes a viernes con los siguientes horarios: U17 lo har\u00e1 de 19hs a 20hs, mientras que el equipo de Primera entrenar\u00e1 de 20hs a 21hs.<\/p>\n<p class=\"x_MsoNormal\">\u00a0Finalizada esta etapa, m\u00e1s precisamente desde el \u00a020 de febrero, se sumar\u00e1n a los entrenamientos la Categor\u00eda U14 y tambi\u00e9n el equipo de Mami B\u00e1squet. Desde esa fecha, los d\u00edas y horarios de entrenamientos ser\u00e1n los siguientes.<\/p>\n<p class=\"x_MsoNormal\" align=\"left\">\u00a0&#8211; U14: Lunes, mi\u00e9rcoles y viernes, de 19hs a 20hs, martes y jueves, de 18hs a 19hs.<\/p>\n<p class=\"x_MsoNormal\" align=\"left\">&#8211; U17: Lunes, mi\u00e9rcoles y viernes, de 20hs a 21hs, martes y jueves, de 18:30hs a 19:15hs (Gimnasio ubicado en \u201cColiseo del Sur\u201d), de\u00a019:30hs a 20:15hs.<\/p>\n<p class=\"x_MsoNormal\" align=\"left\">&#8211; Primera: Lunes, mi\u00e9rcoles y viernes, de 21hs a 22hs, martes y jueves, de 19:30hs a 20:15hs (Gimnasio ubicado en \u201cColiseo del Sur\u201d), de\u00a020:30hs a 21hs.<\/p>\n<p class=\"x_MsoNormal\" align=\"left\">&#8211; Mami B\u00e1squet: Martes y jueves de 21hs a 22hs.<\/p>\n<p class=\"x_MsoNormal\">Por \u00faltimo se incorporar\u00e1n, a partir del 1\u00ba de marzo, las categor\u00edas menores las cuales tendr\u00e1n el siguiente cronograma de d\u00edas y horarios de entrenamientos.<\/p>\n<p class=\"x_MsoNormal\">&#8211; Escuelita y Premini: Martes y jueves, de 18hs a 19hs.<\/p>\n<p class=\"x_MsoNormal\" align=\"left\">&#8211; Mini: Lunes, mi\u00e9rcoles y viernes, de 18hs a 19hs.<\/p>\n<p class=\"x_MsoNormal\"><b>Staff de Entrenadores<\/b><\/p>\n<p class=\"x_MsoNormal\">El grupo de trabajo que tendr\u00e1 a cargo esta disciplina, contar\u00e1 con la incorporaci\u00f3n del entrenador Ariel Borda, quien trabajara en el B\u00e1squet Femenino del Club Uni\u00f3n de Sunchales. De esta manera, as\u00ed queda conformado el Staff de Entrenadores del Lobo para la Temporada 2017.<\/p>\n<p class=\"x_MsoNormal\" align=\"left\">&#8211; Categor\u00edas Escuelita, Premini y Mini: Andrea Rebola (Entrenadora).<\/p>\n<p class=\"x_MsoNormal\" align=\"left\">&#8211; Categor\u00edas U14 y U17: Ariel Borda (Entrenador) y Horacio Barbagallo (PF).<br \/>\n&#8211; Primera Divisi\u00f3n y Mami B\u00e1squet: Gustavo Casazza (Entrenador) y Horacio Barbagallo (PF).<\/p>\n","protected":false},"excerpt":{"rendered":"<p>Este lunes, el B\u00e1squet Femenino de Ben Hur pone en marcha la pretemporada como preparaci\u00f3n al inicio de un nuevo<\/p>\n","protected":false},"author":2,"featured_media":4372,"comment_status":"open","ping_status":"open","sticky":false,"template":"","format":"standard","meta":{"footnotes":""},"categories":[5],"tags":[],"class_list":["post-4371","post","type-post","status-publish","format-standard","has-post-thumbnail","hentry","category-basquet"],"cc_featured_image_caption":{"caption_text":"Ben Hur se pone en marcha de cara a los torneos 2017.","source_text":"","source_url":""},"_links":{"self":[{"href":"https:\/\/todoapulmon-rafaela.com\/index.php\/wp-json\/wp\/v2\/posts\/4371"}],"collection":[{"href":"https:\/\/todoapulmon-rafaela.com\/index.php\/wp-json\/wp\/v2\/posts"}],"about":[{"href":"https:\/\/todoapulmon-rafaela.com\/index.php\/wp-json\/wp\/v2\/types\/post"}],"author":[{"embeddable":true,"href":"https:\/\/todoapulmon-rafaela.com\/index.php\/wp-json\/wp\/v2\/users\/2"}],"replies":[{"embeddable":true,"href":"https:\/\/todoapulmon-rafaela.com\/index.php\/wp-json\/wp\/v2\/comments?post=4371"}],"version-history":[{"count":2,"href":"https:\/\/todoapulmon-rafaela.com\/index.php\/wp-json\/wp\/v2\/posts\/4371\/revisions"}],"predecessor-version":[{"id":4374,"href":"https:\/\/todoapulmon-rafaela.com\/index.php\/wp-json\/wp\/v2\/posts\/4371\/revisions\/4374"}],"wp:featuredmedia":[{"embeddable":true,"href":"https:\/\/todoapulmon-rafaela.com\/index.php\/wp-json\/wp\/v2\/media\/4372"}],"wp:attachment":[{"href":"https:\/\/todoapulmon-rafaela.com\/index.php\/wp-json\/wp\/v2\/media?parent=4371"}],"wp:term":[{"taxonomy":"category","embeddable":true,"href":"https:\/\/todoapulmon-rafaela.com\/index.php\/wp-json\/wp\/v2\/categories?post=4371"},{"taxonomy":"post_tag","embeddable":true,"href":"https:\/\/todoapulmon-rafaela.com\/index.php\/wp-json\/wp\/v2\/tags?post=4371"}],"curies":[{"name":"wp","href":"https:\/\/api.w.org\/{rel}","templated":true}]}}