{"id":43687,"date":"2023-10-06T16:05:02","date_gmt":"2023-10-06T16:05:02","guid":{"rendered":"https:\/\/todoapulmon-rafaela.com\/?p=43687"},"modified":"2023-10-06T16:05:02","modified_gmt":"2023-10-06T16:05:02","slug":"con-cupos-completos-se-corren-este-domingo-los-21k","status":"publish","type":"post","link":"https:\/\/todoapulmon-rafaela.com\/index.php\/2023\/10\/06\/con-cupos-completos-se-corren-este-domingo-los-21k\/","title":{"rendered":"Con cupos completos, se corren este domingo los 21k"},"content":{"rendered":"<p dir=\"ltr\">\u201cEst\u00e1n los cupos agotados\u201d, dijo el subsecretario de Deportes y Recreaci\u00f3n, Ignacio Podio al hacer referencia a la \u201cMedia Marat\u00f3n 21K Daniel Tecla Far\u00edas\u201d que se correr\u00e1 este domingo 8 de octubre, desde las 8:00, en un evento donde adem\u00e1s est\u00e1n estipuladas las distancias de 10 y 5 kil\u00f3metros.<\/p>\n<p dir=\"ltr\">Con relaci\u00f3n a los aspectos organizativos del evento, Podio mencion\u00f3 que \u201cla entrega de los kits para los participantes se va a hacer este s\u00e1bado, de 9:00 a 18:00, en el locat de Megatone.net -Santa Fe 280-\u201d.<\/p>\n<p dir=\"ltr\">Vale recordar que para la entrega de los mencionados kits, las y los participantes deber\u00e1n presentar Documento Nacional de Identidad, deslinde de responsabilidad, comprobante de pago y apto m\u00e9dico. En el caso de que lo retire otra persona, la misma deber\u00e1 presentar comprobante de pago, apto m\u00e9dico, deslinde de responsabilidad completo y firmado por el titular del kit y fotocopia de DNI del titular y de quien retira en su nombre.<\/p>\n<p dir=\"ltr\">Asimismo, el funcionario municipal destac\u00f3 que \u201cgran parte de los corredores inscriptos son de nuestra ciudad y eso nos pone muy contentos porque entendemos que es la fiesta del running de la ciudad\u201d y se\u00f1al\u00f3 que \u201ctambi\u00e9n hay varios corredores de \u00e9lite que se anotaron y van a estar corriendo, entre ellos, una persona de la Selecci\u00f3n Argentina de Atletismo lo cual jerarquiza el evento\u201d.<\/p>\n<p dir=\"ltr\">DETALLES<\/p>\n<p dir=\"ltr\">Para el desarrollo de los \u00ab21K Daniel Tecla Far\u00edas\u201d se estableci\u00f3 que el parque cerrado estar\u00e1 habilitado el d\u00eda domingo 8 de octubre desde las 7:00.<\/p>\n<p dir=\"ltr\">En tanto que, desde las 7:15, se concentrar\u00e1n las y los caminantes; a las 7:30 se efectuar\u00e1 la entrada en calor y a las 8:00 se iniciar\u00e1 la jornada competitiva.<\/p>\n<p dir=\"ltr\">En ese marco, el evento contar\u00e1 con 6 puestos de hidrataci\u00f3n. El quinto tendr\u00e1 como agregado las frutas y el sexto (detr\u00e1s de la l\u00ednea de llegada) frutas, agua isot\u00f3nica, barritas de cereal y frutos secos.<\/p>\n<p dir=\"ltr\">Adem\u00e1s, un parque cerrado en torno a la Plaza 25 de Mayo en donde se van a ubicar los stands de kinesi\u00f3logos, con 10 especialistas para asistir antes y despu\u00e9s de la carrera a cada uno de los corredores, de podolog\u00eda y nutrici\u00f3n.<\/p>\n","protected":false},"excerpt":{"rendered":"<p>\u201cEst\u00e1n los cupos agotados\u201d, dijo el subsecretario de Deportes y Recreaci\u00f3n, Ignacio Podio al hacer referencia a la \u201cMedia Marat\u00f3n<\/p>\n","protected":false},"author":2,"featured_media":43688,"comment_status":"closed","ping_status":"closed","sticky":false,"template":"","format":"standard","meta":{"footnotes":""},"categories":[7,24],"tags":[],"class_list":["post-43687","post","type-post","status-publish","format-standard","has-post-thumbnail","hentry","category-atletismo","category-noticias-destacadas"],"cc_featured_image_caption":{"caption_text":"","source_text":"","source_url":""},"_links":{"self":[{"href":"https:\/\/todoapulmon-rafaela.com\/index.php\/wp-json\/wp\/v2\/posts\/43687"}],"collection":[{"href":"https:\/\/todoapulmon-rafaela.com\/index.php\/wp-json\/wp\/v2\/posts"}],"about":[{"href":"https:\/\/todoapulmon-rafaela.com\/index.php\/wp-json\/wp\/v2\/types\/post"}],"author":[{"embeddable":true,"href":"https:\/\/todoapulmon-rafaela.com\/index.php\/wp-json\/wp\/v2\/users\/2"}],"replies":[{"embeddable":true,"href":"https:\/\/todoapulmon-rafaela.com\/index.php\/wp-json\/wp\/v2\/comments?post=43687"}],"version-history":[{"count":1,"href":"https:\/\/todoapulmon-rafaela.com\/index.php\/wp-json\/wp\/v2\/posts\/43687\/revisions"}],"predecessor-version":[{"id":43689,"href":"https:\/\/todoapulmon-rafaela.com\/index.php\/wp-json\/wp\/v2\/posts\/43687\/revisions\/43689"}],"wp:featuredmedia":[{"embeddable":true,"href":"https:\/\/todoapulmon-rafaela.com\/index.php\/wp-json\/wp\/v2\/media\/43688"}],"wp:attachment":[{"href":"https:\/\/todoapulmon-rafaela.com\/index.php\/wp-json\/wp\/v2\/media?parent=43687"}],"wp:term":[{"taxonomy":"category","embeddable":true,"href":"https:\/\/todoapulmon-rafaela.com\/index.php\/wp-json\/wp\/v2\/categories?post=43687"},{"taxonomy":"post_tag","embeddable":true,"href":"https:\/\/todoapulmon-rafaela.com\/index.php\/wp-json\/wp\/v2\/tags?post=43687"}],"curies":[{"name":"wp","href":"https:\/\/api.w.org\/{rel}","templated":true}]}}