{"id":43672,"date":"2023-10-06T02:52:05","date_gmt":"2023-10-06T02:52:05","guid":{"rendered":"https:\/\/todoapulmon-rafaela.com\/?p=43672"},"modified":"2023-10-06T03:02:15","modified_gmt":"2023-10-06T03:02:15","slug":"oro-para-natalia-vera-en-la-velocidad-y-alejo-betique-en-keirin","status":"publish","type":"post","link":"https:\/\/todoapulmon-rafaela.com\/index.php\/2023\/10\/06\/oro-para-natalia-vera-en-la-velocidad-y-alejo-betique-en-keirin\/","title":{"rendered":"Oro para Natalia Vera en la velocidad y Alejo Betique en keirin"},"content":{"rendered":"<p>Natalia Vera revalid\u00f3 sus antecedentes en el Campeonato Argentino de Pista que se desarrolla en San Juan, al obtener la medalla de oro en la velocidad durante la segunda jornada del gran evento que se realiza en el vel\u00f3dromo \u201cVicente Chancay\u201d.<\/p>\n<p>La representante del Club Ciclista de Rafaela y ACCOS se impuso en la definici\u00f3n ante Valentina Luna (Pueblo de la Paz), su compa\u00f1era en la selecci\u00f3n argentina, mientras que la presea de bronce correspondi\u00f3 a Valentina M\u00e9ndez (ACINPROBA).<\/p>\n<p>BETIQUE EN KEIRIN JUNIOR<\/p>\n<p>En la prueba del keirin junior ACCOS logr\u00f3 otra medalla dorada con Alejo Betique. La medalla plateada fue para el tucumano Tiago Olarte y el bronce para Mat\u00edas Murillo (Olavarr\u00eda Centro).<\/p>\n<p><img loading=\"lazy\" decoding=\"async\" class=\"alignnone size-full wp-image-43677\" src=\"https:\/\/todoapulmon-rafaela.com\/wp-content\/uploads\/2023\/10\/IMG-20231005-WA0010-scaled.jpg\" alt=\"\" width=\"2560\" height=\"2560\" srcset=\"https:\/\/todoapulmon-rafaela.com\/wp-content\/uploads\/2023\/10\/IMG-20231005-WA0010-scaled.jpg 2560w, https:\/\/todoapulmon-rafaela.com\/wp-content\/uploads\/2023\/10\/IMG-20231005-WA0010-300x300.jpg 300w, https:\/\/todoapulmon-rafaela.com\/wp-content\/uploads\/2023\/10\/IMG-20231005-WA0010-1500x1500.jpg 1500w, https:\/\/todoapulmon-rafaela.com\/wp-content\/uploads\/2023\/10\/IMG-20231005-WA0010-150x150.jpg 150w, https:\/\/todoapulmon-rafaela.com\/wp-content\/uploads\/2023\/10\/IMG-20231005-WA0010-1536x1536.jpg 1536w, https:\/\/todoapulmon-rafaela.com\/wp-content\/uploads\/2023\/10\/IMG-20231005-WA0010-2048x2048.jpg 2048w\" sizes=\"(max-width: 2560px) 100vw, 2560px\" \/><\/p>\n<p>&nbsp;<\/p>\n","protected":false},"excerpt":{"rendered":"<p>Natalia Vera revalid\u00f3 sus antecedentes en el Campeonato Argentino de Pista que se desarrolla en San Juan, al obtener la<\/p>\n","protected":false},"author":2,"featured_media":43676,"comment_status":"closed","ping_status":"closed","sticky":false,"template":"","format":"standard","meta":{"footnotes":""},"categories":[4,24],"tags":[],"class_list":["post-43672","post","type-post","status-publish","format-standard","has-post-thumbnail","hentry","category-ciclismo","category-noticias-destacadas"],"cc_featured_image_caption":{"caption_text":"Fotos prensa Club Ciclista","source_text":"","source_url":""},"_links":{"self":[{"href":"https:\/\/todoapulmon-rafaela.com\/index.php\/wp-json\/wp\/v2\/posts\/43672"}],"collection":[{"href":"https:\/\/todoapulmon-rafaela.com\/index.php\/wp-json\/wp\/v2\/posts"}],"about":[{"href":"https:\/\/todoapulmon-rafaela.com\/index.php\/wp-json\/wp\/v2\/types\/post"}],"author":[{"embeddable":true,"href":"https:\/\/todoapulmon-rafaela.com\/index.php\/wp-json\/wp\/v2\/users\/2"}],"replies":[{"embeddable":true,"href":"https:\/\/todoapulmon-rafaela.com\/index.php\/wp-json\/wp\/v2\/comments?post=43672"}],"version-history":[{"count":3,"href":"https:\/\/todoapulmon-rafaela.com\/index.php\/wp-json\/wp\/v2\/posts\/43672\/revisions"}],"predecessor-version":[{"id":43678,"href":"https:\/\/todoapulmon-rafaela.com\/index.php\/wp-json\/wp\/v2\/posts\/43672\/revisions\/43678"}],"wp:featuredmedia":[{"embeddable":true,"href":"https:\/\/todoapulmon-rafaela.com\/index.php\/wp-json\/wp\/v2\/media\/43676"}],"wp:attachment":[{"href":"https:\/\/todoapulmon-rafaela.com\/index.php\/wp-json\/wp\/v2\/media?parent=43672"}],"wp:term":[{"taxonomy":"category","embeddable":true,"href":"https:\/\/todoapulmon-rafaela.com\/index.php\/wp-json\/wp\/v2\/categories?post=43672"},{"taxonomy":"post_tag","embeddable":true,"href":"https:\/\/todoapulmon-rafaela.com\/index.php\/wp-json\/wp\/v2\/tags?post=43672"}],"curies":[{"name":"wp","href":"https:\/\/api.w.org\/{rel}","templated":true}]}}