{"id":43668,"date":"2023-10-05T18:24:57","date_gmt":"2023-10-05T18:24:57","guid":{"rendered":"https:\/\/todoapulmon-rafaela.com\/?p=43668"},"modified":"2023-10-05T18:24:57","modified_gmt":"2023-10-05T18:24:57","slug":"buen-comienzo-del-sub-16-de-crar-en-el-regional","status":"publish","type":"post","link":"https:\/\/todoapulmon-rafaela.com\/index.php\/2023\/10\/05\/buen-comienzo-del-sub-16-de-crar-en-el-regional\/","title":{"rendered":"Buen comienzo del Sub 16 de CRAR en el Regional"},"content":{"rendered":"<p>Este jueves se puso en marcha el torneo Regional Sub 16 NEA damas de clubes organizado por la FOSH en el sint\u00e9tico de CRAR, donde el equipo rafaelino se impuso en el mediod\u00eda a Universitario de Santa Fe por 1 a 0. El \u00fanico gol del equipo dirigido por Adri\u00e1n Kieffer fue convertido por Alma Mondino.<\/p>\n<p>Este viernes a las 10.30 el rival ser\u00e1 Col\u00f3n de Santa Fe, y a las 16.30 CRAR volver\u00e1 a presentarse ante Talleres B de Paran\u00e1.<\/p>\n<p><img loading=\"lazy\" decoding=\"async\" class=\"alignnone size-full wp-image-43670\" src=\"https:\/\/todoapulmon-rafaela.com\/wp-content\/uploads\/2023\/10\/P1500144_resultado.jpg\" alt=\"\" width=\"1600\" height=\"1200\" srcset=\"https:\/\/todoapulmon-rafaela.com\/wp-content\/uploads\/2023\/10\/P1500144_resultado.jpg 1600w, https:\/\/todoapulmon-rafaela.com\/wp-content\/uploads\/2023\/10\/P1500144_resultado-300x225.jpg 300w, https:\/\/todoapulmon-rafaela.com\/wp-content\/uploads\/2023\/10\/P1500144_resultado-1536x1152.jpg 1536w\" sizes=\"(max-width: 1600px) 100vw, 1600px\" \/><\/p>\n<p>El plantel Verde est\u00e1 compuesto por las siguientes jugadoras: Julieta Fern\u00e1ndez, Morena Hern\u00e1ndez, Guillermina Yacovino, Clara Garc\u00eda, Eliana Trindade, Lola Pronotti, Angeles Aguirre, Martina Pastore, Martina Mainero, Luisina Urbina, Sharon Leiva, Paula Albrecht, Juliana Caccia, Maia Imoberdorf, Maia Reynoso, Alma Mondino, Martina Abona, Jazm\u00edn Vasquez y Trinidad Testa.<\/p>\n<p>&nbsp;<\/p>\n","protected":false},"excerpt":{"rendered":"<p>Este jueves se puso en marcha el torneo Regional Sub 16 NEA damas de clubes organizado por la FOSH en<\/p>\n","protected":false},"author":2,"featured_media":43669,"comment_status":"closed","ping_status":"closed","sticky":false,"template":"","format":"standard","meta":{"footnotes":""},"categories":[3,24],"tags":[],"class_list":["post-43668","post","type-post","status-publish","format-standard","has-post-thumbnail","hentry","category-hockey","category-noticias-destacadas"],"cc_featured_image_caption":{"caption_text":"","source_text":"","source_url":""},"_links":{"self":[{"href":"https:\/\/todoapulmon-rafaela.com\/index.php\/wp-json\/wp\/v2\/posts\/43668"}],"collection":[{"href":"https:\/\/todoapulmon-rafaela.com\/index.php\/wp-json\/wp\/v2\/posts"}],"about":[{"href":"https:\/\/todoapulmon-rafaela.com\/index.php\/wp-json\/wp\/v2\/types\/post"}],"author":[{"embeddable":true,"href":"https:\/\/todoapulmon-rafaela.com\/index.php\/wp-json\/wp\/v2\/users\/2"}],"replies":[{"embeddable":true,"href":"https:\/\/todoapulmon-rafaela.com\/index.php\/wp-json\/wp\/v2\/comments?post=43668"}],"version-history":[{"count":1,"href":"https:\/\/todoapulmon-rafaela.com\/index.php\/wp-json\/wp\/v2\/posts\/43668\/revisions"}],"predecessor-version":[{"id":43671,"href":"https:\/\/todoapulmon-rafaela.com\/index.php\/wp-json\/wp\/v2\/posts\/43668\/revisions\/43671"}],"wp:featuredmedia":[{"embeddable":true,"href":"https:\/\/todoapulmon-rafaela.com\/index.php\/wp-json\/wp\/v2\/media\/43669"}],"wp:attachment":[{"href":"https:\/\/todoapulmon-rafaela.com\/index.php\/wp-json\/wp\/v2\/media?parent=43668"}],"wp:term":[{"taxonomy":"category","embeddable":true,"href":"https:\/\/todoapulmon-rafaela.com\/index.php\/wp-json\/wp\/v2\/categories?post=43668"},{"taxonomy":"post_tag","embeddable":true,"href":"https:\/\/todoapulmon-rafaela.com\/index.php\/wp-json\/wp\/v2\/tags?post=43668"}],"curies":[{"name":"wp","href":"https:\/\/api.w.org\/{rel}","templated":true}]}}