{"id":43658,"date":"2023-10-05T11:19:48","date_gmt":"2023-10-05T11:19:48","guid":{"rendered":"https:\/\/todoapulmon-rafaela.com\/?p=43658"},"modified":"2023-10-05T11:21:04","modified_gmt":"2023-10-05T11:21:04","slug":"mondino-y-emmert-a-los-panamericanos-de-chile","status":"publish","type":"post","link":"https:\/\/todoapulmon-rafaela.com\/index.php\/2023\/10\/05\/mondino-y-emmert-a-los-panamericanos-de-chile\/","title":{"rendered":"Mondino y Emmert a los Panamericanos de Chile"},"content":{"rendered":"<p>La CADA confirm\u00f3 este jueves la delegaci\u00f3n a los Juegos Panamericanos Santiago 2023, de acuerdo a lo informado por el COA y PANAM SPORT, finalizado el proceso de clasificaci\u00f3n y cubrimiento de las plazas establecidas para cada prueba.<\/p>\n<p>En total ser\u00e1n 26 atletas\u00a0 (18 varones y 8 mujeres) que cubrir\u00e1n un total de dieciocho pruebas, quince pruebas individuales y tres postas. Y nuestra ciudad tendr\u00e1 a dos representantes en las postas, Tom\u00e1s Mondino (4&#215;100) y Pedro Emmert (4&#215;400).<\/p>\n<p>Cabe mencionar tambi\u00e9n la presencia de un atleta de nuestra regi\u00f3n, el oriundo de Humboldt Jos\u00e9 Zabala, clasificado en los 1.500 metros llanos. El otro santafesino de la delegaci\u00f3n ser\u00e1 el experimentado y laureado Germ\u00e1n Chiaraviglio, en salto con garrocha. Cabe mencionar que Tomy Mondino es el \u00fanico junior del equipo.<\/p>\n<p>Jefes Equipo: Fernando Diaz Sanchez y DTN Sergio Alfonsini. Entrenadores Saltos: Javier Benitez, Marat\u00f3n: Hugo Bressani, Medio Fondo y Fondo Dar\u00edo N\u00fa\u00f1ez, Lanzamientos Daniel G\u00f3mez y Velocidad Javier Morillas.<\/p>\n<table>\n<tbody>\n<tr>\n<td width=\"89\"><strong>CON<\/strong><\/td>\n<td width=\"37\"><strong>No.<\/strong><\/td>\n<td width=\"217\"><strong>PRUEBA<\/strong><\/td>\n<td width=\"89\"><strong>H<\/strong>\u00a0<strong>\/<\/strong>\u00a0<strong>M<\/strong><\/td>\n<td width=\"272\"><strong>ATLETAS<\/strong><\/td>\n<td width=\"105\"><strong>MARCA<\/strong><\/td>\n<\/tr>\n<tr>\n<td width=\"89\">ARG<\/td>\n<td width=\"37\">1<\/td>\n<td width=\"217\">100m<\/td>\n<td width=\"89\">H<\/td>\n<td width=\"272\">Franco FLORIO<\/td>\n<td width=\"105\">10.11<\/td>\n<\/tr>\n<tr>\n<td width=\"89\">ARG<\/td>\n<td width=\"37\">2<\/td>\n<td width=\"217\">400m<\/td>\n<td width=\"89\">H<\/td>\n<td width=\"272\">Eli\u00e1n LARREGINA<\/td>\n<td width=\"105\">45.34<\/td>\n<\/tr>\n<tr>\n<td width=\"89\">ARG<\/td>\n<td width=\"37\">3<\/td>\n<td width=\"217\">1,500m<\/td>\n<td width=\"89\">H<\/td>\n<td width=\"272\">Diego Javier LACAMOIRE<\/td>\n<td width=\"105\">03:38.9<\/td>\n<\/tr>\n<tr>\n<td width=\"89\">ARG<\/td>\n<td width=\"37\">4<\/td>\n<td width=\"217\">3,000m con obst\u00e1culos<\/td>\n<td width=\"89\">H<\/td>\n<td width=\"272\">Juli\u00e1n MOLINA<\/td>\n<td width=\"105\">8:32.97<\/td>\n<\/tr>\n<tr>\n<td width=\"89\">ARG<\/td>\n<td width=\"37\">5<\/td>\n<td width=\"217\">4x400m relevos<\/td>\n<td width=\"89\">H<\/td>\n<td width=\"272\">Pedro EMMERT<\/td>\n<td width=\"105\"><\/td>\n<\/tr>\n<tr>\n<td width=\"89\">ARG<\/td>\n<td width=\"37\"><\/td>\n<td width=\"217\">4x400m relevos<\/td>\n<td width=\"89\">H<\/td>\n<td width=\"272\">Bruno Agust\u00edn DE GENARO<\/td>\n<td width=\"105\"><\/td>\n<\/tr>\n<tr>\n<td width=\"89\">ARG<\/td>\n<td width=\"37\"><\/td>\n<td width=\"217\">4x400m relevos<\/td>\n<td width=\"89\">H<\/td>\n<td width=\"272\">Diego Javier LACAMORE<\/td>\n<td width=\"105\"><\/td>\n<\/tr>\n<tr>\n<td width=\"89\">ARG<\/td>\n<td width=\"37\"><\/td>\n<td width=\"217\">4x400m relevos<\/td>\n<td width=\"89\">H<\/td>\n<td width=\"272\">Eli\u00e1n LARREGINA<\/td>\n<td width=\"105\"><\/td>\n<\/tr>\n<tr>\n<td width=\"89\">ARG<\/td>\n<td width=\"37\">6<\/td>\n<td width=\"217\">4x400m relevos<\/td>\n<td width=\"89\">H<\/td>\n<td width=\"272\">Leandro Ismael PARIS<\/td>\n<td width=\"105\"><\/td>\n<\/tr>\n<tr>\n<td width=\"89\">ARG<\/td>\n<td width=\"37\"><\/td>\n<td width=\"217\">4x400m relevos<\/td>\n<td width=\"89\">H<\/td>\n<td width=\"272\">Franco FLORIO<\/td>\n<td width=\"105\"><\/td>\n<\/tr>\n<tr>\n<td width=\"89\">ARG<\/td>\n<td width=\"37\">7<\/td>\n<td width=\"217\">Impulsi\u00f3n de bala<\/td>\n<td width=\"89\">H<\/td>\n<td width=\"272\">Ignacio CARBALLO<\/td>\n<td width=\"105\">20.04<\/td>\n<\/tr>\n<tr>\n<td width=\"89\">ARG<\/td>\n<td width=\"37\">8<\/td>\n<td width=\"217\">Marat\u00f3n<\/td>\n<td width=\"89\">H<\/td>\n<td width=\"272\">Pedro GOMEZ<\/td>\n<td width=\"105\">02:13:28<\/td>\n<\/tr>\n<tr>\n<td width=\"89\">ARG<\/td>\n<td width=\"37\">9<\/td>\n<td width=\"217\">Salto con P\u00e9rtiga<\/td>\n<td width=\"89\">H<\/td>\n<td width=\"272\">Germ\u00e1n CHIARAVIGLIO<\/td>\n<td width=\"105\">5.60<\/td>\n<\/tr>\n<tr>\n<td width=\"89\">ARG<\/td>\n<td width=\"37\">10<\/td>\n<td width=\"217\">Salto de Altura<\/td>\n<td width=\"89\">H<\/td>\n<td width=\"272\">Carlos LAVOY<\/td>\n<td width=\"105\">2.23<\/td>\n<\/tr>\n<tr>\n<td width=\"89\">ARG<\/td>\n<td width=\"37\">11<\/td>\n<td width=\"217\">Impulsi\u00f3n de bala<\/td>\n<td width=\"89\">H<\/td>\n<td width=\"272\">Nazareno SASIA<\/td>\n<td width=\"105\">20.74<\/td>\n<\/tr>\n<tr>\n<td width=\"89\">ARG<\/td>\n<td width=\"37\">12<\/td>\n<td width=\"217\">3,000m con obst\u00e1culos<\/td>\n<td width=\"89\">M<\/td>\n<td width=\"272\">Bel\u00e9n CASETTA<\/td>\n<td width=\"105\">9:29.05<\/td>\n<\/tr>\n<tr>\n<td width=\"89\">ARG<\/td>\n<td width=\"37\">13<\/td>\n<td width=\"217\">Marat\u00f3n<\/td>\n<td width=\"89\">M<\/td>\n<td width=\"272\">Florencia BORELLI<\/td>\n<td width=\"105\">02:26:54<\/td>\n<\/tr>\n<tr>\n<td width=\"89\">ARG<\/td>\n<td width=\"37\">14<\/td>\n<td width=\"217\">400m vallas<\/td>\n<td width=\"89\">H<\/td>\n<td width=\"272\">Bruno Agustin DE GENARO<\/td>\n<td width=\"105\">50.35<\/td>\n<\/tr>\n<tr>\n<td width=\"89\">ARG<\/td>\n<td width=\"37\">15<\/td>\n<td width=\"217\">20km marcha<\/td>\n<td width=\"89\">H<\/td>\n<td width=\"272\">Juan Manuel CANO<\/td>\n<td width=\"105\">01:24:01<\/td>\n<\/tr>\n<tr>\n<td width=\"89\">ARG<\/td>\n<td width=\"37\">16<\/td>\n<td width=\"217\">Lanzamiento de Martillo<\/td>\n<td width=\"89\">H<\/td>\n<td width=\"272\">Joaquin GOMEZ<\/td>\n<td width=\"105\">74.59<\/td>\n<\/tr>\n<tr>\n<td width=\"89\">ARG<\/td>\n<td width=\"37\">17<\/td>\n<td width=\"217\">1,500m<\/td>\n<td width=\"89\">M<\/td>\n<td width=\"272\">Mariana BORELLI<\/td>\n<td width=\"105\">04:13.4<\/td>\n<\/tr>\n<tr>\n<td width=\"89\">ARG<\/td>\n<td width=\"37\">18<\/td>\n<td width=\"217\">Lanzamiento de Disco<\/td>\n<td width=\"89\">M<\/td>\n<td width=\"272\">Ailen ARMADA<\/td>\n<td width=\"105\">56.92<\/td>\n<\/tr>\n<tr>\n<td width=\"89\">ARG<\/td>\n<td width=\"37\">19<\/td>\n<td width=\"217\">4x100m relevos<\/td>\n<td width=\"89\">M<\/td>\n<td width=\"272\">Maria Florencia LAMBOGLIA<\/td>\n<td width=\"105\"><\/td>\n<\/tr>\n<tr>\n<td width=\"89\">ARG<\/td>\n<td width=\"37\">20<\/td>\n<td width=\"217\">4x100m relevos<\/td>\n<td width=\"89\">M<\/td>\n<td width=\"272\">Maria Victoria WOODWARD<\/td>\n<td width=\"105\"><\/td>\n<\/tr>\n<tr>\n<td width=\"89\">ARG<\/td>\n<td width=\"37\">21<\/td>\n<td width=\"217\">4x100m relevos<\/td>\n<td width=\"89\">M<\/td>\n<td width=\"272\">Melanie ROSALEZ<\/td>\n<td width=\"105\"><\/td>\n<\/tr>\n<tr>\n<td width=\"89\">ARG<\/td>\n<td width=\"37\">22<\/td>\n<td width=\"217\">4x100m relevos<\/td>\n<td width=\"89\">M<\/td>\n<td width=\"272\">Belen FRITZSCHE<\/td>\n<td width=\"105\"><\/td>\n<\/tr>\n<tr>\n<td width=\"89\">ARG<\/td>\n<td width=\"37\"><\/td>\n<td width=\"217\">4x100m relevos<\/td>\n<td width=\"89\">H<\/td>\n<td width=\"272\">Franco FLORIO<\/td>\n<td width=\"105\"><\/td>\n<\/tr>\n<tr>\n<td width=\"89\">ARG<\/td>\n<td width=\"37\">23<\/td>\n<td width=\"217\">4x100m relevos<\/td>\n<td width=\"89\">H<\/td>\n<td width=\"272\">Tom\u00e1s MONDINO<\/td>\n<td width=\"105\"><\/td>\n<\/tr>\n<tr>\n<td width=\"89\">ARG<\/td>\n<td width=\"37\"><\/td>\n<td width=\"217\">4x100m relevos<\/td>\n<td width=\"89\">H<\/td>\n<td width=\"272\">Eli\u00e1n LARREGINA<\/td>\n<td width=\"105\"><\/td>\n<\/tr>\n<tr>\n<td width=\"89\">ARG<\/td>\n<td width=\"37\">24<\/td>\n<td width=\"217\">4x100m relevos<\/td>\n<td width=\"89\">H<\/td>\n<td width=\"272\">Juan Ignacio CIAMPITTI<\/td>\n<td width=\"105\"><\/td>\n<\/tr>\n<tr>\n<td width=\"89\">ARG<\/td>\n<td width=\"37\">25<\/td>\n<td width=\"217\">4x100m relevos<\/td>\n<td width=\"89\">H<\/td>\n<td width=\"272\">Bautista DIAMANTE<\/td>\n<td width=\"105\"><\/td>\n<\/tr>\n<tr>\n<td width=\"89\">ARG<\/td>\n<td width=\"37\">26<\/td>\n<td width=\"217\">1,500m<\/td>\n<td width=\"89\">H<\/td>\n<td width=\"272\">Jos\u00e9 ZABALA<\/td>\n<td width=\"105\">3:39.05<\/td>\n<\/tr>\n<\/tbody>\n<\/table>\n","protected":false},"excerpt":{"rendered":"<p>La CADA confirm\u00f3 este jueves la delegaci\u00f3n a los Juegos Panamericanos Santiago 2023, de acuerdo a lo informado por el<\/p>\n","protected":false},"author":2,"featured_media":34047,"comment_status":"closed","ping_status":"closed","sticky":false,"template":"","format":"standard","meta":{"footnotes":""},"categories":[7,24],"tags":[],"class_list":["post-43658","post","type-post","status-publish","format-standard","has-post-thumbnail","hentry","category-atletismo","category-noticias-destacadas"],"cc_featured_image_caption":{"caption_text":"Como en el Sudamericano de Lima Junior 2021, los dos atletas rafaelinos representar\u00e1n a Argentina, ahora en Juegos Panamericanos.","source_text":"","source_url":""},"_links":{"self":[{"href":"https:\/\/todoapulmon-rafaela.com\/index.php\/wp-json\/wp\/v2\/posts\/43658"}],"collection":[{"href":"https:\/\/todoapulmon-rafaela.com\/index.php\/wp-json\/wp\/v2\/posts"}],"about":[{"href":"https:\/\/todoapulmon-rafaela.com\/index.php\/wp-json\/wp\/v2\/types\/post"}],"author":[{"embeddable":true,"href":"https:\/\/todoapulmon-rafaela.com\/index.php\/wp-json\/wp\/v2\/users\/2"}],"replies":[{"embeddable":true,"href":"https:\/\/todoapulmon-rafaela.com\/index.php\/wp-json\/wp\/v2\/comments?post=43658"}],"version-history":[{"count":3,"href":"https:\/\/todoapulmon-rafaela.com\/index.php\/wp-json\/wp\/v2\/posts\/43658\/revisions"}],"predecessor-version":[{"id":43661,"href":"https:\/\/todoapulmon-rafaela.com\/index.php\/wp-json\/wp\/v2\/posts\/43658\/revisions\/43661"}],"wp:featuredmedia":[{"embeddable":true,"href":"https:\/\/todoapulmon-rafaela.com\/index.php\/wp-json\/wp\/v2\/media\/34047"}],"wp:attachment":[{"href":"https:\/\/todoapulmon-rafaela.com\/index.php\/wp-json\/wp\/v2\/media?parent=43658"}],"wp:term":[{"taxonomy":"category","embeddable":true,"href":"https:\/\/todoapulmon-rafaela.com\/index.php\/wp-json\/wp\/v2\/categories?post=43658"},{"taxonomy":"post_tag","embeddable":true,"href":"https:\/\/todoapulmon-rafaela.com\/index.php\/wp-json\/wp\/v2\/tags?post=43658"}],"curies":[{"name":"wp","href":"https:\/\/api.w.org\/{rel}","templated":true}]}}