{"id":43631,"date":"2023-10-03T23:59:06","date_gmt":"2023-10-03T23:59:06","guid":{"rendered":"https:\/\/todoapulmon-rafaela.com\/?p=43631"},"modified":"2023-10-04T00:13:07","modified_gmt":"2023-10-04T00:13:07","slug":"comienza-el-argentino-de-pista-en-san-juan","status":"publish","type":"post","link":"https:\/\/todoapulmon-rafaela.com\/index.php\/2023\/10\/03\/comienza-el-argentino-de-pista-en-san-juan\/","title":{"rendered":"Comienza el Argentino de Pista en San Juan"},"content":{"rendered":"<p style=\"font-weight: 400\">Los d\u00edas 4, 5, 6, 7 y 8 de octubre, se disputar\u00e1 en el nuevo Vel\u00f3dromo Vicente Chancay de a ciudad de San Juan, una nueva edici\u00f3n del Campeonato Argentino de Pista Categor\u00eda Elite, Sub 23, Damas Elite, Ciclismo Adaptado Damas y Caballeros, Menores y Junior, Damas y Caballeros.<\/p>\n<p style=\"font-weight: 400\">La Federaci\u00f3n Ciclista Sanjuanina, tendr\u00e1 a cargo la organizaci\u00f3n del evento y la Federaci\u00f3n<\/p>\n<p style=\"font-weight: 400\">Argentina de Ciclismo de Pista y Ruta ser\u00e1 el ente fiscalizador.<\/p>\n<p style=\"font-weight: 400\">El Club Ciclista de Rafaela tendr\u00e1 presencia, a trav\u00e9s de la ACCOS, con Natalia Vera como principal figura entre los Elite, mientras que en menores estar\u00e1n participando algunos chicos de la escuelita que recientemente participaron en los Evita.<\/p>\n<p><img loading=\"lazy\" decoding=\"async\" class=\"alignnone size-full wp-image-43635\" src=\"https:\/\/todoapulmon-rafaela.com\/wp-content\/uploads\/2023\/10\/Screenshot_20231003-205637_Instagram.jpg\" alt=\"\" width=\"720\" height=\"719\" srcset=\"https:\/\/todoapulmon-rafaela.com\/wp-content\/uploads\/2023\/10\/Screenshot_20231003-205637_Instagram.jpg 720w, https:\/\/todoapulmon-rafaela.com\/wp-content\/uploads\/2023\/10\/Screenshot_20231003-205637_Instagram-300x300.jpg 300w, https:\/\/todoapulmon-rafaela.com\/wp-content\/uploads\/2023\/10\/Screenshot_20231003-205637_Instagram-150x150.jpg 150w\" sizes=\"(max-width: 720px) 100vw, 720px\" \/><\/p>\n<p>El listado de la ACCOS<\/p>\n<p><img loading=\"lazy\" decoding=\"async\" class=\"alignnone size-full wp-image-43633\" src=\"https:\/\/todoapulmon-rafaela.com\/wp-content\/uploads\/2023\/10\/Screenshot_20231003-204558_Samsung-Notes.jpg\" alt=\"\" width=\"720\" height=\"577\" srcset=\"https:\/\/todoapulmon-rafaela.com\/wp-content\/uploads\/2023\/10\/Screenshot_20231003-204558_Samsung-Notes.jpg 720w, https:\/\/todoapulmon-rafaela.com\/wp-content\/uploads\/2023\/10\/Screenshot_20231003-204558_Samsung-Notes-300x240.jpg 300w\" sizes=\"(max-width: 720px) 100vw, 720px\" \/><\/p>\n<p style=\"font-weight: 400\">Esta es la programaci\u00f3n en la jornada inicial:<\/p>\n<p style=\"font-weight: 400\">16:00 CLASIFICACION PERSECUCION POR EQUIPOS<\/p>\n<p style=\"font-weight: 400\">-Persecuci\u00f3n por equipos HOMBRES Elite<\/p>\n<p style=\"font-weight: 400\">16:30 \u2013 Scratch- Damas Elite<\/p>\n<p style=\"font-weight: 400\">17:00- \u2013 Scratch- Damas Junior<\/p>\n<p style=\"font-weight: 400\">18:00 CLASIFICACION VELOCIDAD POR EQUIPOS<\/p>\n<p style=\"font-weight: 400\">-Velocidad por Equipos \u2013 Junior Damas (DOS DAMAS)<\/p>\n<p style=\"font-weight: 400\">-Velocidad por Equipos \u2013 Junior Hombres<\/p>\n<p style=\"font-weight: 400\">-Velocidad por Equipos \u2013 \u00c9lite Damas (DOS DAMAS)<\/p>\n<p style=\"font-weight: 400\">-Velocidad por Equipos \u2013 \u00c9lite Hombres<\/p>\n<p style=\"font-weight: 400\">19:00 \u2013 VUELTAS PUNTABLES<\/p>\n<p style=\"font-weight: 400\">\uf0b7 Clasificatoria Vtas. Hombres 09 . 7.5 KM (30 VUELTAS \u2013 3 SPRINT)<\/p>\n<p style=\"font-weight: 400\">\uf0b7 Damas 09\/10\/11 10,0 Km (40 vueltas \u2013 4 sprint)<\/p>\n<p style=\"font-weight: 400\">\uf0b7 HOMBRES 10\/11 10.0 Km (40 vueltas \u2013 4 sprint)<\/p>\n<p style=\"font-weight: 400\">\uf0b7 HOMBRES 09 12.5 Km (50vueltas \u2013 5 sprint)<\/p>\n<p style=\"font-weight: 400\">20:30 FINALES VELOCIDAD POR EQUIPOS<\/p>\n<p style=\"font-weight: 400\">-Velocidad por Equipos \u2013 Junior Damas (DOS DAMAS)<\/p>\n<p style=\"font-weight: 400\">-Velocidad por Equipos \u2013 Junior Hombres<\/p>\n<p style=\"font-weight: 400\">-Velocidad por Equipos \u2013 \u00c9lite Damas (DOS DAMAS)<\/p>\n<p style=\"font-weight: 400\">-Velocidad por Equipos \u2013 \u00c9lite Hombres.<\/p>\n","protected":false},"excerpt":{"rendered":"<p>Los d\u00edas 4, 5, 6, 7 y 8 de octubre, se disputar\u00e1 en el nuevo Vel\u00f3dromo Vicente Chancay de a<\/p>\n","protected":false},"author":2,"featured_media":43636,"comment_status":"closed","ping_status":"closed","sticky":false,"template":"","format":"standard","meta":{"footnotes":""},"categories":[4,24],"tags":[],"class_list":["post-43631","post","type-post","status-publish","format-standard","has-post-thumbnail","hentry","category-ciclismo","category-noticias-destacadas"],"cc_featured_image_caption":{"caption_text":"","source_text":"","source_url":""},"_links":{"self":[{"href":"https:\/\/todoapulmon-rafaela.com\/index.php\/wp-json\/wp\/v2\/posts\/43631"}],"collection":[{"href":"https:\/\/todoapulmon-rafaela.com\/index.php\/wp-json\/wp\/v2\/posts"}],"about":[{"href":"https:\/\/todoapulmon-rafaela.com\/index.php\/wp-json\/wp\/v2\/types\/post"}],"author":[{"embeddable":true,"href":"https:\/\/todoapulmon-rafaela.com\/index.php\/wp-json\/wp\/v2\/users\/2"}],"replies":[{"embeddable":true,"href":"https:\/\/todoapulmon-rafaela.com\/index.php\/wp-json\/wp\/v2\/comments?post=43631"}],"version-history":[{"count":4,"href":"https:\/\/todoapulmon-rafaela.com\/index.php\/wp-json\/wp\/v2\/posts\/43631\/revisions"}],"predecessor-version":[{"id":43638,"href":"https:\/\/todoapulmon-rafaela.com\/index.php\/wp-json\/wp\/v2\/posts\/43631\/revisions\/43638"}],"wp:featuredmedia":[{"embeddable":true,"href":"https:\/\/todoapulmon-rafaela.com\/index.php\/wp-json\/wp\/v2\/media\/43636"}],"wp:attachment":[{"href":"https:\/\/todoapulmon-rafaela.com\/index.php\/wp-json\/wp\/v2\/media?parent=43631"}],"wp:term":[{"taxonomy":"category","embeddable":true,"href":"https:\/\/todoapulmon-rafaela.com\/index.php\/wp-json\/wp\/v2\/categories?post=43631"},{"taxonomy":"post_tag","embeddable":true,"href":"https:\/\/todoapulmon-rafaela.com\/index.php\/wp-json\/wp\/v2\/tags?post=43631"}],"curies":[{"name":"wp","href":"https:\/\/api.w.org\/{rel}","templated":true}]}}