{"id":43548,"date":"2023-10-02T10:48:33","date_gmt":"2023-10-02T10:48:33","guid":{"rendered":"https:\/\/todoapulmon-rafaela.com\/?p=43548"},"modified":"2023-10-02T10:52:32","modified_gmt":"2023-10-02T10:52:32","slug":"buenos-desempenos-de-fernandez-y-bermudez-en-san-francisco","status":"publish","type":"post","link":"https:\/\/todoapulmon-rafaela.com\/index.php\/2023\/10\/02\/buenos-desempenos-de-fernandez-y-bermudez-en-san-francisco\/","title":{"rendered":"Buenos desempe\u00f1os de Fern\u00e1ndez y Berm\u00fadez en San Francisco"},"content":{"rendered":"<p>Este domingo se realiz\u00f3 una nueva edici\u00f3n de la media marat\u00f3n \u201cSan Francisco Corre 21K\u201d, que convoc\u00f3 a 1500 runners de la mencionada ciudad cordobesa y la regi\u00f3n, incluyendo a protagonistas rafaelinos.<br \/>\nGabriel Barrera, de Valle Hermoso, inscribi\u00f3 por primera vez en su nombre en la corta historia de esta tradicional media marat\u00f3n \u201cSan Francisco Corre 21K\u201d al imponerse en la clasificaci\u00f3n general con un tiempo de 1h 10&#8242; 40\u00bb, siendo este el mejor registro hist\u00f3rico de la competencia. En tanto, el segundo lugar qued\u00f3 en manos del sanfrancisque\u00f1o Leonardo Delrivo (1h 12\u2019 14\u2019\u2019), mientras que el tercer lugar del podio le correspondi\u00f3 a Flavio Demichelis (1h 13\u2019 14\u2019\u2019).<br \/>\nEn la misma distancia, la mejor en damas fue la sanfrancisque\u00f1a Mar\u00eda Bel\u00e9n Gambino, quien hizo un registro de 1h 34&#8242; 02\u00bb, segunda finaliz\u00f3 Cecilia Leineker, de Altos de Chipion con un tiempo de 1h 35&#8242; 11\u00bb y tercera Fabiola Maldonado, que realiz\u00f3 los 21 kil\u00f3metros en 1h 37&#8242; 13\u00bb.<br \/>\nEn cuanto a la prueba de 10K, en caballeros, se impuso Emanuel Aseelborn &#8211; de Morteros- que registr\u00f3 33&#8242; 11\u00bb, segundo arrib\u00f3 Germ\u00e1n Fern\u00e1ndez -de Rafaela- con un tiempo de 33\u2019 30\u2019\u2019 y tercero fue el morterense Emanuel Martin, con una marca de 35\u2019 51\u2019\u2019.<\/p>\n<p><img loading=\"lazy\" decoding=\"async\" class=\"alignnone size-full wp-image-43549\" src=\"https:\/\/todoapulmon-rafaela.com\/wp-content\/uploads\/2023\/10\/Podio-Bermudez-SF.jpg\" alt=\"\" width=\"1440\" height=\"932\" srcset=\"https:\/\/todoapulmon-rafaela.com\/wp-content\/uploads\/2023\/10\/Podio-Bermudez-SF.jpg 1440w, https:\/\/todoapulmon-rafaela.com\/wp-content\/uploads\/2023\/10\/Podio-Bermudez-SF-300x194.jpg 300w\" sizes=\"(max-width: 1440px) 100vw, 1440px\" \/><br \/>\nEntre las damas, triunf\u00f3 Anita Gonz\u00e1lez con un tiempo de 42&#8242; 44\u00bb. En tanto, la segunda colocaci\u00f3n fue para Gimena Cravero, de Morteros, que registr\u00f3 43&#8242; 20\u00bb y el tercer puesto le correspondi\u00f3 a la rafaelina Florencia Berm\u00fadez, que complet\u00f3 la prueba en 43&#8242; 24\u00bb.<\/p>\n","protected":false},"excerpt":{"rendered":"<p>Este domingo se realiz\u00f3 una nueva edici\u00f3n de la media marat\u00f3n \u201cSan Francisco Corre 21K\u201d, que convoc\u00f3 a 1500 runners<\/p>\n","protected":false},"author":2,"featured_media":43550,"comment_status":"closed","ping_status":"closed","sticky":false,"template":"","format":"standard","meta":{"footnotes":""},"categories":[7,24],"tags":[],"class_list":["post-43548","post","type-post","status-publish","format-standard","has-post-thumbnail","hentry","category-atletismo","category-noticias-destacadas"],"cc_featured_image_caption":{"caption_text":"FOTO LAPTIME","source_text":"","source_url":""},"_links":{"self":[{"href":"https:\/\/todoapulmon-rafaela.com\/index.php\/wp-json\/wp\/v2\/posts\/43548"}],"collection":[{"href":"https:\/\/todoapulmon-rafaela.com\/index.php\/wp-json\/wp\/v2\/posts"}],"about":[{"href":"https:\/\/todoapulmon-rafaela.com\/index.php\/wp-json\/wp\/v2\/types\/post"}],"author":[{"embeddable":true,"href":"https:\/\/todoapulmon-rafaela.com\/index.php\/wp-json\/wp\/v2\/users\/2"}],"replies":[{"embeddable":true,"href":"https:\/\/todoapulmon-rafaela.com\/index.php\/wp-json\/wp\/v2\/comments?post=43548"}],"version-history":[{"count":2,"href":"https:\/\/todoapulmon-rafaela.com\/index.php\/wp-json\/wp\/v2\/posts\/43548\/revisions"}],"predecessor-version":[{"id":43552,"href":"https:\/\/todoapulmon-rafaela.com\/index.php\/wp-json\/wp\/v2\/posts\/43548\/revisions\/43552"}],"wp:featuredmedia":[{"embeddable":true,"href":"https:\/\/todoapulmon-rafaela.com\/index.php\/wp-json\/wp\/v2\/media\/43550"}],"wp:attachment":[{"href":"https:\/\/todoapulmon-rafaela.com\/index.php\/wp-json\/wp\/v2\/media?parent=43548"}],"wp:term":[{"taxonomy":"category","embeddable":true,"href":"https:\/\/todoapulmon-rafaela.com\/index.php\/wp-json\/wp\/v2\/categories?post=43548"},{"taxonomy":"post_tag","embeddable":true,"href":"https:\/\/todoapulmon-rafaela.com\/index.php\/wp-json\/wp\/v2\/tags?post=43548"}],"curies":[{"name":"wp","href":"https:\/\/api.w.org\/{rel}","templated":true}]}}