{"id":43542,"date":"2023-10-02T02:43:07","date_gmt":"2023-10-02T02:43:07","guid":{"rendered":"https:\/\/todoapulmon-rafaela.com\/?p=43542"},"modified":"2023-10-02T02:43:07","modified_gmt":"2023-10-02T02:43:07","slug":"mondino-gano-los-100-metros-del-torneo-semana-del-mar","status":"publish","type":"post","link":"https:\/\/todoapulmon-rafaela.com\/index.php\/2023\/10\/02\/mondino-gano-los-100-metros-del-torneo-semana-del-mar\/","title":{"rendered":"Mondino gan\u00f3 los 100 metros del torneo Semana del Mar"},"content":{"rendered":"<p>Se realiz\u00f3 este domingo 1\u00b0 de octubre el tradicional Torneo Semana del Mar, en la pista sint\u00e9tica del Estadio Justo Rom\u00e1n, en Mar del Plata. Esta vez el torneo form\u00f3 parte del Grand Prix Sudamericano y otorg\u00f3 puntos para el ranking de World Athletics, ya en el camino hacia Par\u00eds 2024. Y para muchos de los participantes fue una preparaci\u00f3n hacia el pr\u00f3ximo gran compromiso, los Juegos Panamericanos de Santiago de Chile, que se iniciar\u00e1n dentro de tres semanas.<\/p>\n<p>Las pruebas de velocidad se desarrollaron con viento levemente desfavorable. El juvenil rafaelino Tom\u00e1s Mondino se impuso en hombres con 10.48 (-0.2), delante del paname\u00f1o Arturo Deliser (10.60) mientras que en damas, la brasile\u00f1a Ana Carolina de Jes\u00fas Azevedo gan\u00f3 con 11.83, seguida por las mejores argentinas como Florencia Lamboglia (12.02).<\/p>\n<p>En 400, los triunfadores fueron el brasile\u00f1o Lucas da Silva Carvalho (47.10), donde se ubic\u00f3 cuarto el rafaelino Pedro Emmert con 48s26, y la argentina Noelia Anah\u00ed Mart\u00ednez en su mejor actuaci\u00f3n de la temporada (55.07).<\/p>\n<p>Los rafaelinos estuvieron tambi\u00e9n en las postas. La de hombres 4&#215;100 gan\u00f3 con 40.40, delante de Paraguay (equipo en ascenso en la regi\u00f3n y que marc\u00f3 40.99). La Argentina present\u00f3 esta vez a Daniel Londero, Bautista Diamante, Juan Ciampitti y Tom\u00e1s Mondino. Tambi\u00e9n se present\u00f3 la 4\u00d7400 con Pedro Emmert, registrando 3:13.85 junto Mendivil, Paris y De Genaro.<\/p>\n<p>El martes se realizar\u00e1 el Meeting \u00abJuan Carlos Dyrzka\u00bb en Buenos Aires.<\/p>\n","protected":false},"excerpt":{"rendered":"<p>Se realiz\u00f3 este domingo 1\u00b0 de octubre el tradicional Torneo Semana del Mar, en la pista sint\u00e9tica del Estadio Justo<\/p>\n","protected":false},"author":2,"featured_media":43543,"comment_status":"closed","ping_status":"closed","sticky":false,"template":"","format":"standard","meta":{"footnotes":""},"categories":[7,24],"tags":[],"class_list":["post-43542","post","type-post","status-publish","format-standard","has-post-thumbnail","hentry","category-atletismo","category-noticias-destacadas"],"cc_featured_image_caption":{"caption_text":"","source_text":"","source_url":""},"_links":{"self":[{"href":"https:\/\/todoapulmon-rafaela.com\/index.php\/wp-json\/wp\/v2\/posts\/43542"}],"collection":[{"href":"https:\/\/todoapulmon-rafaela.com\/index.php\/wp-json\/wp\/v2\/posts"}],"about":[{"href":"https:\/\/todoapulmon-rafaela.com\/index.php\/wp-json\/wp\/v2\/types\/post"}],"author":[{"embeddable":true,"href":"https:\/\/todoapulmon-rafaela.com\/index.php\/wp-json\/wp\/v2\/users\/2"}],"replies":[{"embeddable":true,"href":"https:\/\/todoapulmon-rafaela.com\/index.php\/wp-json\/wp\/v2\/comments?post=43542"}],"version-history":[{"count":1,"href":"https:\/\/todoapulmon-rafaela.com\/index.php\/wp-json\/wp\/v2\/posts\/43542\/revisions"}],"predecessor-version":[{"id":43544,"href":"https:\/\/todoapulmon-rafaela.com\/index.php\/wp-json\/wp\/v2\/posts\/43542\/revisions\/43544"}],"wp:featuredmedia":[{"embeddable":true,"href":"https:\/\/todoapulmon-rafaela.com\/index.php\/wp-json\/wp\/v2\/media\/43543"}],"wp:attachment":[{"href":"https:\/\/todoapulmon-rafaela.com\/index.php\/wp-json\/wp\/v2\/media?parent=43542"}],"wp:term":[{"taxonomy":"category","embeddable":true,"href":"https:\/\/todoapulmon-rafaela.com\/index.php\/wp-json\/wp\/v2\/categories?post=43542"},{"taxonomy":"post_tag","embeddable":true,"href":"https:\/\/todoapulmon-rafaela.com\/index.php\/wp-json\/wp\/v2\/tags?post=43542"}],"curies":[{"name":"wp","href":"https:\/\/api.w.org\/{rel}","templated":true}]}}