{"id":43521,"date":"2023-10-01T11:57:55","date_gmt":"2023-10-01T11:57:55","guid":{"rendered":"https:\/\/todoapulmon-rafaela.com\/?p=43521"},"modified":"2023-10-01T11:57:55","modified_gmt":"2023-10-01T11:57:55","slug":"se-desarrollo-una-nueva-edicion-de-ciclismo-en-los-barrios","status":"publish","type":"post","link":"https:\/\/todoapulmon-rafaela.com\/index.php\/2023\/10\/01\/se-desarrollo-una-nueva-edicion-de-ciclismo-en-los-barrios\/","title":{"rendered":"Se desarroll\u00f3 una nueva edici\u00f3n de \u201cCiclismo en los Barrios\u201d"},"content":{"rendered":"<div>El programa \u201cCiclismo en los Barrios\u201d, organizado por la Municipalidad de Rafaela con la colaboraci\u00f3n del club Ciclista de nuestra ciudad, vivi\u00f3 una nueva jornada deportiva. La cita fue a partir de las 16:00 en calle Marchini, frente al Club Ciclista.<\/div>\n<div><\/div>\n<div>El subsecretario de Deportes y Recreaci\u00f3n, Ignacio Podio, cont\u00f3: \u201cEs un programa hist\u00f3rico de la Subsecretar\u00eda de Deportes, que se hace en conjunto con el Club Ciclista, que lleva adelante la fiscalizaci\u00f3n y la verdad que nos da una mano muy grande\u201d.<\/div>\n<div><\/div>\n<div>\u201cEste evento, adem\u00e1s de lo deportio, busca promover y concientizar en el uso de la bicicleta\u201d, sum\u00f3.<\/div>\n<div><\/div>\n<div>\u201cEn esta edici\u00f3n nuevamente contamos con una bicicleta para todos los que participan de la competencia, para sortear, que es una gentileza del senador Alcides Calvo\u201d, detall\u00f3 Podio.<\/div>\n<div><\/div>\n<div><strong>Semillero<\/strong><\/div>\n<div>\u201cEste programa es un semillero importante de ciclistas que han salido de alto rendimiento, como hemos tenido campeones argentinos que han salido de Ciclismo en los Barrios, despu\u00e9s se vuelcan a la escuelita del Club Ciclista y as\u00ed van escalando. Adem\u00e1s, hemos tenido competidores muy importantes que han salido ac\u00e1. No s\u00f3lo que es para concientizar sobre el uso de la bicicleta, fomentar el deporte, sino que tambi\u00e9n ha sido un gran semillero para tener campeones y deportistas de alto rendimiento de la ciudad\u201d, resalt\u00f3 el Subsecretario.<\/div>\n<div><\/div>\n<div>Recordemos que este programa se puso en marcha hace m\u00e1s de 30 a\u00f1os, se desarrolla con la participaci\u00f3n y el acompa\u00f1amiento de ni\u00f1os y ni\u00f1as entre 5 y 12 a\u00f1os y busca atraer a ni\u00f1os y j\u00f3venes a una disciplina deportiva que se destaca en Rafaela y la regi\u00f3n.<\/div>\n<div><\/div>\n<div><strong>Apuntalamiento<\/strong><\/div>\n<div>A su turno, el senador departamental, Alcides Calvo, dijo: \u201cPara m\u00ed es una gran alegr\u00eda poder ser parte de un programa que se ha mantenido por m\u00e1s de tres d\u00e9cadas en base al esfuerzo de la Municipalidad de Rafaela y del Club Ciclista. Nosotros acompa\u00f1ando y tratando de darle ese apuntalamiento que se necesita para que un programa que parec\u00eda que era sumamente limitado y que no pod\u00eda mantenerse en el tiempo, sin embargo, lo fue\u201d.<\/div>\n<div><\/div>\n<div>\u201cGracias a estos aportes institucionales, a la gente del Club Ciclista, creo que es el verdadero capital que tiene hoy la ciudad de Rafaela, en una de las disciplinas que ellos han sabido mantener viva. Este es un poco nuestro verdadero compromiso. Ojal\u00e1 que las pr\u00f3ximas administraciones puedan seguir acompa\u00f1ando este tipo de eventos porque realmente no es de un club, sino es de la ciudad de Rafaela, como muchas otras disciplinas\u201d, finaliz\u00f3.<\/div>\n<div><\/div>\n<div><strong>Orgullo<\/strong><\/div>\n<div>Por su parte, Daniel Capella, del Club Ciclista, resalt\u00f3: \u201cComo sociedad rafaelina es un programa fant\u00e1stico porque permanentemente saca chicos de la calle y los mete en un club, que es la finalidad que tenemos todos los adultos hoy en lograr que los chicos est\u00e9n contenidos dentro de una instituci\u00f3n. Por ese lado es incontable el n\u00famero de ciclistas que ha aportado \u201cCiclismo en los Barrios\u201d con el trabajo que hizo la Municipalidad.<\/div>\n<div><\/div>\n<div>\u201cCreo que fue fant\u00e1stico lo que se hizo porque se lleg\u00f3 al grado de que est\u00e9 por ley ya decretado que sea un programa municipal que va a perdurar. Cambie el gobierno que cambie va a perdurar dentro de las actividades municipales. Y a nosotros como instituci\u00f3n nos ha servido much\u00edsimo porque de ac\u00e1 han salido campeones nacionales o corredores de Selecci\u00f3n Argentina\u201d.<\/div>\n<div><\/div>\n<div>\u201cNos llena de orgullo. En lo personal, sinceramente, no tengo m\u00e1s que palabras de agradecimiento. Cuando en su momento Omar Perotti supo escuchar, entender y darle el valor que merec\u00eda este programa. Imaginate que mi viejo lo inici\u00f3, yo hoy lo estoy laburando y mi hijo est\u00e1 corriendo en las carreritas que se hacen. As\u00ed que para m\u00ed es una satisfacci\u00f3n muy grande\u201d.<\/div>\n<div><\/div>\n<div><\/div>\n","protected":false},"excerpt":{"rendered":"<p>El programa \u201cCiclismo en los Barrios\u201d, organizado por la Municipalidad de Rafaela con la colaboraci\u00f3n del club Ciclista de nuestra<\/p>\n","protected":false},"author":2,"featured_media":43522,"comment_status":"closed","ping_status":"closed","sticky":false,"template":"","format":"standard","meta":{"footnotes":""},"categories":[4],"tags":[],"class_list":["post-43521","post","type-post","status-publish","format-standard","has-post-thumbnail","hentry","category-ciclismo"],"cc_featured_image_caption":{"caption_text":"FOTO PRENSA MUNICIPALIDAD","source_text":"","source_url":""},"_links":{"self":[{"href":"https:\/\/todoapulmon-rafaela.com\/index.php\/wp-json\/wp\/v2\/posts\/43521"}],"collection":[{"href":"https:\/\/todoapulmon-rafaela.com\/index.php\/wp-json\/wp\/v2\/posts"}],"about":[{"href":"https:\/\/todoapulmon-rafaela.com\/index.php\/wp-json\/wp\/v2\/types\/post"}],"author":[{"embeddable":true,"href":"https:\/\/todoapulmon-rafaela.com\/index.php\/wp-json\/wp\/v2\/users\/2"}],"replies":[{"embeddable":true,"href":"https:\/\/todoapulmon-rafaela.com\/index.php\/wp-json\/wp\/v2\/comments?post=43521"}],"version-history":[{"count":1,"href":"https:\/\/todoapulmon-rafaela.com\/index.php\/wp-json\/wp\/v2\/posts\/43521\/revisions"}],"predecessor-version":[{"id":43523,"href":"https:\/\/todoapulmon-rafaela.com\/index.php\/wp-json\/wp\/v2\/posts\/43521\/revisions\/43523"}],"wp:featuredmedia":[{"embeddable":true,"href":"https:\/\/todoapulmon-rafaela.com\/index.php\/wp-json\/wp\/v2\/media\/43522"}],"wp:attachment":[{"href":"https:\/\/todoapulmon-rafaela.com\/index.php\/wp-json\/wp\/v2\/media?parent=43521"}],"wp:term":[{"taxonomy":"category","embeddable":true,"href":"https:\/\/todoapulmon-rafaela.com\/index.php\/wp-json\/wp\/v2\/categories?post=43521"},{"taxonomy":"post_tag","embeddable":true,"href":"https:\/\/todoapulmon-rafaela.com\/index.php\/wp-json\/wp\/v2\/tags?post=43521"}],"curies":[{"name":"wp","href":"https:\/\/api.w.org\/{rel}","templated":true}]}}