{"id":435,"date":"2016-04-17T02:50:44","date_gmt":"2016-04-17T02:50:44","guid":{"rendered":"http:\/\/todoapulmon-rafaela.com\/?p=435"},"modified":"2016-04-17T02:50:44","modified_gmt":"2016-04-17T02:50:44","slug":"ascenso-de-la-usr-con-presencia-rafaelina","status":"publish","type":"post","link":"https:\/\/todoapulmon-rafaela.com\/index.php\/2016\/04\/17\/ascenso-de-la-usr-con-presencia-rafaelina\/","title":{"rendered":"Ascenso de la USR con presencia rafaelina"},"content":{"rendered":"<p>Con la presencia de Mayco Vivas nuevamente como titular, el seleccionado de la Uni\u00f3n Santafesina de Rugby logr\u00f3 este s\u00e1bado el ascenso en el Campeonato Argentino Juvenil, cuya fase final se desarroll\u00f3 en Tucum\u00e1n, al vencer a San Juan por 45 a 35 en el Club Lince.<br \/>\nSe trata de una ratificaci\u00f3n al buen trabajo que se viene realizando con los j\u00f3venes en la USR y del mismo modo para el CRAR, ya que el primera l\u00ednea tuvo una activa participaci\u00f3n en el proceso que se coron\u00f3 con el t\u00edtulo.<br \/>\nEsta fue la s\u00edntesis:<br \/>\nSAN JUAN M18: 1. Mat\u00edas Mart\u00edn, 2. Juan Cruz Miodovsky, 3. Tom\u00e1s De Paolis; 4. Renzo Balmaceda, 5. Tom\u00e1s Rovedatti; 6. Agust\u00edn Stoerman, 7. Marcelo Lima, 8. Crist\u00f3bal Lloveras; 9. Joaqu\u00edn Farr\u00e9, 10. Nicol\u00e1s Bul\u00f3z; 11. Juan Nievas; 12. Rodrigo Perell\u00f3, 13. Octavio Camus; 14. Franco Goldfarb; 15. Juan Pablo Castro.<br \/>\nEntrenadores: Mat\u00edas Pallito, Renato Puigdengolas y Guillermo Miodovsky.<br \/>\nSuplentes: 16. Agust\u00edn Correa, 17. Nicol\u00e1s Mart\u00ednez, 18. Emilio L\u00f3pez, 19 Emiliano Gili, 20. Santiago Garc\u00eda, 21. Santiago Albarrac\u00edn, 22. Leonel Flores, 23. Maximiliano Larrea.<br \/>\nSANTA FE M18: 1. Mayco Vivas, 2. Gonzalo P\u00e9rez, 3. V\u00edctor Tripicchio; 4. Joaqu\u00edn Strada, 5. Manuel Trossero; 6. Lisandro Rossi, 7. Jos\u00e9 G\u00e1lvez, 8. Lucas Caputto; 9. Alejandro Molinas, 10. Agust\u00edn Gal\u00edndez; 11. Tom\u00e1s Cerbino; 12. Agust\u00edn Foradini, 13. Lucas Ordano; 14.Musciachio; 15. Augusto Rava.<br \/>\nSuplentes: 16. Nicol\u00e1s Andereggen, 17. Lautaro De Baggio, 18. Mat\u00edas Torres, 19. Lautaro Acevedo, 20. Tom\u00e1s Olmedo, 21. Guillermo Baker, 22. Lautaro Valentinuzzi, 23. Tom\u00e1s Villagra.<br \/>\nAnotaciones:<br \/>\nPrimer tiempo: 1 min. try de F. Foradini (SF), 8 min. try y conv. de A. Molinas (SF), 18 min. penal de J. Castro (SJ), 22 min. try de R. Perell\u00f3 y conv de J. Castro (SJ), 27 penal de A. Molinas (SF), 29 min try de L. Caputto (SF), 33 min. penal de J. Castro (SJ), 34 min. try de J. Farr\u00e9 (SJ).<br \/>\nResultado Parcial: San Juan 16 \u2013 20 Santa Fe.<br \/>\nSegundo Tiempo: 3 min. try de J. Musciachio y conv. de A. Molinas (SF), 6 min. try de R. Perell\u00f3 (SJ), 11 min. try de A. Gal\u00edndez (SF), 19 min. penal de A. Molinas (SF), 23 min try de J. Miodovsky y conv. de J. Castro (SJ), 26 min. penal A. Molinas (SF), 29 min. try de N. Bul\u00f3z y conv. de J. Castro (SJ), 38 min. try de N. Andereggen.<br \/>\nResultado Final: San Juan 35 \u2013 45 Santa Fe.<br \/>\nAmarillas: 3 min. A. Stoerman (SJ), 23 min. L. Caputto (SF).<br \/>\nInstalaciones: Lince RC.<img loading=\"lazy\" decoding=\"async\" class=\"alignnone size-medium wp-image-437\" src=\"http:\/\/todoapulmon-rafaela.com\/wp-content\/uploads\/2016\/04\/12983987_1727872590827378_1844130734733097394_o-1-300x200.jpg\" alt=\"12983987_1727872590827378_1844130734733097394_o (1)\" width=\"300\" height=\"200\" srcset=\"https:\/\/todoapulmon-rafaela.com\/wp-content\/uploads\/2016\/04\/12983987_1727872590827378_1844130734733097394_o-1-300x200.jpg 300w, https:\/\/todoapulmon-rafaela.com\/wp-content\/uploads\/2016\/04\/12983987_1727872590827378_1844130734733097394_o-1-768x512.jpg 768w, https:\/\/todoapulmon-rafaela.com\/wp-content\/uploads\/2016\/04\/12983987_1727872590827378_1844130734733097394_o-1-1024x683.jpg 1024w, https:\/\/todoapulmon-rafaela.com\/wp-content\/uploads\/2016\/04\/12983987_1727872590827378_1844130734733097394_o-1.jpg 2048w\" sizes=\"(max-width: 300px) 100vw, 300px\" \/><\/p>\n","protected":false},"excerpt":{"rendered":"<p>Con la presencia de Mayco Vivas nuevamente como titular, el seleccionado de la Uni\u00f3n Santafesina de Rugby logr\u00f3 este s\u00e1bado<\/p>\n","protected":false},"author":2,"featured_media":436,"comment_status":"open","ping_status":"open","sticky":false,"template":"","format":"standard","meta":{"footnotes":""},"categories":[2],"tags":[],"class_list":["post-435","post","type-post","status-publish","format-standard","has-post-thumbnail","hentry","category-rugby"],"cc_featured_image_caption":{"caption_text":"El plantel que obtuvo el ascenso (foto Lucas Curr\u00e1).","source_text":"","source_url":""},"_links":{"self":[{"href":"https:\/\/todoapulmon-rafaela.com\/index.php\/wp-json\/wp\/v2\/posts\/435"}],"collection":[{"href":"https:\/\/todoapulmon-rafaela.com\/index.php\/wp-json\/wp\/v2\/posts"}],"about":[{"href":"https:\/\/todoapulmon-rafaela.com\/index.php\/wp-json\/wp\/v2\/types\/post"}],"author":[{"embeddable":true,"href":"https:\/\/todoapulmon-rafaela.com\/index.php\/wp-json\/wp\/v2\/users\/2"}],"replies":[{"embeddable":true,"href":"https:\/\/todoapulmon-rafaela.com\/index.php\/wp-json\/wp\/v2\/comments?post=435"}],"version-history":[{"count":1,"href":"https:\/\/todoapulmon-rafaela.com\/index.php\/wp-json\/wp\/v2\/posts\/435\/revisions"}],"predecessor-version":[{"id":438,"href":"https:\/\/todoapulmon-rafaela.com\/index.php\/wp-json\/wp\/v2\/posts\/435\/revisions\/438"}],"wp:featuredmedia":[{"embeddable":true,"href":"https:\/\/todoapulmon-rafaela.com\/index.php\/wp-json\/wp\/v2\/media\/436"}],"wp:attachment":[{"href":"https:\/\/todoapulmon-rafaela.com\/index.php\/wp-json\/wp\/v2\/media?parent=435"}],"wp:term":[{"taxonomy":"category","embeddable":true,"href":"https:\/\/todoapulmon-rafaela.com\/index.php\/wp-json\/wp\/v2\/categories?post=435"},{"taxonomy":"post_tag","embeddable":true,"href":"https:\/\/todoapulmon-rafaela.com\/index.php\/wp-json\/wp\/v2\/tags?post=435"}],"curies":[{"name":"wp","href":"https:\/\/api.w.org\/{rel}","templated":true}]}}