{"id":43473,"date":"2023-09-29T20:02:40","date_gmt":"2023-09-29T20:02:40","guid":{"rendered":"https:\/\/todoapulmon-rafaela.com\/?p=43473"},"modified":"2023-09-29T20:03:03","modified_gmt":"2023-09-29T20:03:03","slug":"ciclismo-en-los-barrios-frente-al-club-ciclista","status":"publish","type":"post","link":"https:\/\/todoapulmon-rafaela.com\/index.php\/2023\/09\/29\/ciclismo-en-los-barrios-frente-al-club-ciclista\/","title":{"rendered":"Ciclismo en los Barrios frente al Club Ciclista"},"content":{"rendered":"<p style=\"font-weight: 400\">El Programa \u201cCiclismo en los Barrios\u201d, organizado por la Municipalidad de Rafaela con la colaboraci\u00f3n del club Ciclista de nuestra ciudad, tendr\u00e1 una nueva fecha. Ser\u00e1 este s\u00e1bado 30, desde las 16:00, en calle Marchini, frente al Club Ciclista.<\/p>\n<p style=\"font-weight: 400\">Este programa se puso en marcha hace m\u00e1s de 30 a\u00f1os, se desarrolla con la participaci\u00f3n y el acompa\u00f1amiento de ni\u00f1os y ni\u00f1as entre 5 y 12 a\u00f1os y busca atraer a ni\u00f1os y j\u00f3venes a una disciplina deportiva que se destaca en Rafaela y la regi\u00f3n.<\/p>\n<p style=\"font-weight: 400\">Cabe recordar que los participantes podr\u00e1n inscribirse momentos antes de la prueba y que cada ni\u00f1o y ni\u00f1a deber\u00e1n asistir con sus propias bicis y con una botella de agua para hidratarse de manera correcta.<\/p>\n<p>Habr\u00e1 premios para las diferentes categor\u00edas cortes\u00eda de Casa Delma y adem\u00e1s se realizar\u00e1 un sorteo entre los participantes de una bicicleta gentileza del senador departamental Alcides Calvo.<\/p>\n","protected":false},"excerpt":{"rendered":"<p>El Programa \u201cCiclismo en los Barrios\u201d, organizado por la Municipalidad de Rafaela con la colaboraci\u00f3n del club Ciclista de nuestra<\/p>\n","protected":false},"author":2,"featured_media":40112,"comment_status":"closed","ping_status":"closed","sticky":false,"template":"","format":"standard","meta":{"footnotes":""},"categories":[4],"tags":[],"class_list":["post-43473","post","type-post","status-publish","format-standard","has-post-thumbnail","hentry","category-ciclismo"],"cc_featured_image_caption":{"caption_text":"","source_text":"","source_url":""},"_links":{"self":[{"href":"https:\/\/todoapulmon-rafaela.com\/index.php\/wp-json\/wp\/v2\/posts\/43473"}],"collection":[{"href":"https:\/\/todoapulmon-rafaela.com\/index.php\/wp-json\/wp\/v2\/posts"}],"about":[{"href":"https:\/\/todoapulmon-rafaela.com\/index.php\/wp-json\/wp\/v2\/types\/post"}],"author":[{"embeddable":true,"href":"https:\/\/todoapulmon-rafaela.com\/index.php\/wp-json\/wp\/v2\/users\/2"}],"replies":[{"embeddable":true,"href":"https:\/\/todoapulmon-rafaela.com\/index.php\/wp-json\/wp\/v2\/comments?post=43473"}],"version-history":[{"count":2,"href":"https:\/\/todoapulmon-rafaela.com\/index.php\/wp-json\/wp\/v2\/posts\/43473\/revisions"}],"predecessor-version":[{"id":43475,"href":"https:\/\/todoapulmon-rafaela.com\/index.php\/wp-json\/wp\/v2\/posts\/43473\/revisions\/43475"}],"wp:featuredmedia":[{"embeddable":true,"href":"https:\/\/todoapulmon-rafaela.com\/index.php\/wp-json\/wp\/v2\/media\/40112"}],"wp:attachment":[{"href":"https:\/\/todoapulmon-rafaela.com\/index.php\/wp-json\/wp\/v2\/media?parent=43473"}],"wp:term":[{"taxonomy":"category","embeddable":true,"href":"https:\/\/todoapulmon-rafaela.com\/index.php\/wp-json\/wp\/v2\/categories?post=43473"},{"taxonomy":"post_tag","embeddable":true,"href":"https:\/\/todoapulmon-rafaela.com\/index.php\/wp-json\/wp\/v2\/tags?post=43473"}],"curies":[{"name":"wp","href":"https:\/\/api.w.org\/{rel}","templated":true}]}}