{"id":43466,"date":"2023-09-29T17:36:59","date_gmt":"2023-09-29T17:36:59","guid":{"rendered":"https:\/\/todoapulmon-rafaela.com\/?p=43466"},"modified":"2023-09-29T17:36:59","modified_gmt":"2023-09-29T17:36:59","slug":"romitelli-hizo-podio-en-el-europeo","status":"publish","type":"post","link":"https:\/\/todoapulmon-rafaela.com\/index.php\/2023\/09\/29\/romitelli-hizo-podio-en-el-europeo\/","title":{"rendered":"Romitelli hizo podio en el Europeo"},"content":{"rendered":"<p>Este viernes culmin\u00f3 en Corinto, Grecia, el Campeonato Europeo de tiro pr\u00e1ctico donde tuvo una muy buena actuaci\u00f3n el rafaelino Germ\u00e1n Romitelli. En un torneo donde estuvieron gran parte de los protagonistas del Mundial del a\u00f1o pasado, el deportista de nuestra ciudad fue tercero.<\/p>\n<p>Romitelli qued\u00f3 con un 93.36 en cuanto al porcentaje para la clasificaci\u00f3n, donde fue campe\u00f3n una vez m\u00e1s el franc\u00e9s Eric Grauffel, mientras que finaliz\u00f3 segundo Michal Stepan, de Rep\u00fablica Checa.<\/p>\n<div style=\"width: 800px;\" class=\"wp-video\"><!--[if lt IE 9]><script>document.createElement('video');<\/script><![endif]-->\n<video class=\"wp-video-shortcode\" id=\"video-43466-1\" width=\"800\" height=\"800\" preload=\"metadata\" controls=\"controls\"><source type=\"video\/mp4\" src=\"https:\/\/todoapulmon-rafaela.com\/wp-content\/uploads\/2023\/09\/VID-20230929-WA0005.mp4?_=1\" \/><a href=\"https:\/\/todoapulmon-rafaela.com\/wp-content\/uploads\/2023\/09\/VID-20230929-WA0005.mp4\">https:\/\/todoapulmon-rafaela.com\/wp-content\/uploads\/2023\/09\/VID-20230929-WA0005.mp4<\/a><\/video><\/div>\n<p>Cuarto y quinto fueron los espa\u00f1oles Eduardo de Cobos y Miguel Ramos, en tanto el sexto puesto fue para el argentino Gast\u00f3n Quindi Vallerga.<\/p>\n<p>La actividad programada por la organizaci\u00f3n del torneo culmina este s\u00e1bado con el shot off entre los mejores clasificados.<\/p>\n","protected":false},"excerpt":{"rendered":"<p>Este viernes culmin\u00f3 en Corinto, Grecia, el Campeonato Europeo de tiro pr\u00e1ctico donde tuvo una muy buena actuaci\u00f3n el rafaelino<\/p>\n","protected":false},"author":2,"featured_media":43467,"comment_status":"closed","ping_status":"closed","sticky":false,"template":"","format":"standard","meta":{"footnotes":""},"categories":[24,19],"tags":[],"class_list":["post-43466","post","type-post","status-publish","format-standard","has-post-thumbnail","hentry","category-noticias-destacadas","category-tiro"],"cc_featured_image_caption":{"caption_text":"","source_text":"","source_url":""},"_links":{"self":[{"href":"https:\/\/todoapulmon-rafaela.com\/index.php\/wp-json\/wp\/v2\/posts\/43466"}],"collection":[{"href":"https:\/\/todoapulmon-rafaela.com\/index.php\/wp-json\/wp\/v2\/posts"}],"about":[{"href":"https:\/\/todoapulmon-rafaela.com\/index.php\/wp-json\/wp\/v2\/types\/post"}],"author":[{"embeddable":true,"href":"https:\/\/todoapulmon-rafaela.com\/index.php\/wp-json\/wp\/v2\/users\/2"}],"replies":[{"embeddable":true,"href":"https:\/\/todoapulmon-rafaela.com\/index.php\/wp-json\/wp\/v2\/comments?post=43466"}],"version-history":[{"count":1,"href":"https:\/\/todoapulmon-rafaela.com\/index.php\/wp-json\/wp\/v2\/posts\/43466\/revisions"}],"predecessor-version":[{"id":43469,"href":"https:\/\/todoapulmon-rafaela.com\/index.php\/wp-json\/wp\/v2\/posts\/43466\/revisions\/43469"}],"wp:featuredmedia":[{"embeddable":true,"href":"https:\/\/todoapulmon-rafaela.com\/index.php\/wp-json\/wp\/v2\/media\/43467"}],"wp:attachment":[{"href":"https:\/\/todoapulmon-rafaela.com\/index.php\/wp-json\/wp\/v2\/media?parent=43466"}],"wp:term":[{"taxonomy":"category","embeddable":true,"href":"https:\/\/todoapulmon-rafaela.com\/index.php\/wp-json\/wp\/v2\/categories?post=43466"},{"taxonomy":"post_tag","embeddable":true,"href":"https:\/\/todoapulmon-rafaela.com\/index.php\/wp-json\/wp\/v2\/tags?post=43466"}],"curies":[{"name":"wp","href":"https:\/\/api.w.org\/{rel}","templated":true}]}}