{"id":43340,"date":"2023-09-26T01:35:25","date_gmt":"2023-09-26T01:35:25","guid":{"rendered":"https:\/\/todoapulmon-rafaela.com\/?p=43340"},"modified":"2023-09-26T01:35:25","modified_gmt":"2023-09-26T01:35:25","slug":"atletico-reconocio-a-tiradores-que-participaron-del-mundial","status":"publish","type":"post","link":"https:\/\/todoapulmon-rafaela.com\/index.php\/2023\/09\/26\/atletico-reconocio-a-tiradores-que-participaron-del-mundial\/","title":{"rendered":"Atl\u00e9tico reconoci\u00f3 a tiradores que participaron del Mundial"},"content":{"rendered":"<p>El domingo 24 de septiembre concluy\u00f3 la edici\u00f3n 33\u00b0 del Mundial de Tiro a la H\u00e9lice, organizado por la Federaci\u00f3n Internacional de Tiro con Armas Deportivas de Caza (FITASC), la Federaci\u00f3n de Tiro, Caza y Pesca (FETCAP) y el Aero Club R\u00edo Cuarto (ACRC), donde se disput\u00f3 el certamen.<br \/>\nDurante una semana se llev\u00f3 a cabo este evento con 700 participantes, que llegaron de distintas partes del pa\u00eds y el mundo para competir. All\u00ed estuvieron presentes los tiradores de Atl\u00e9tico de Rafaela, quienes realizaron una ardua preparaci\u00f3n en las pedanas del aut\u00f3dromo \u00abCiudad de Rafaela\u00bb para llegar de la mejor manera a la competencia.<br \/>\nY vaya si lo hicieron, ya que consiguieron dos campeonatos del Mundo y un Grand Prix nacional, lo que sin dudas marca el trabajo a conciencia realizado por los deportistas.<\/p>\n<p>Pablo Franzetti se consagr\u00f3 campe\u00f3n del Mundo en la Categor\u00eda Open, mientras que Oscar Faletto se qued\u00f3 con el t\u00edtulo en Master. Por \u00faltimo, Lautaro Sambrini finaliz\u00f3 en tercer lugar en el Grand Prix de Argentina.<\/p>\n<p><img loading=\"lazy\" decoding=\"async\" class=\"alignnone size-full wp-image-43343\" src=\"https:\/\/todoapulmon-rafaela.com\/wp-content\/uploads\/2023\/09\/Tiro-2-scaled.jpg\" alt=\"\" width=\"2560\" height=\"1442\" srcset=\"https:\/\/todoapulmon-rafaela.com\/wp-content\/uploads\/2023\/09\/Tiro-2-scaled.jpg 2560w, https:\/\/todoapulmon-rafaela.com\/wp-content\/uploads\/2023\/09\/Tiro-2-300x169.jpg 300w, https:\/\/todoapulmon-rafaela.com\/wp-content\/uploads\/2023\/09\/Tiro-2-1536x865.jpg 1536w, https:\/\/todoapulmon-rafaela.com\/wp-content\/uploads\/2023\/09\/Tiro-2-2048x1153.jpg 2048w\" sizes=\"(max-width: 2560px) 100vw, 2560px\" \/><\/p>\n<p>En la tardecita de este lunes, los tiradores, junto con el presidente de la subcomisi\u00f3n Fabi\u00e1n Sambrini y compa\u00f1eros fueron recibidos por el presidente de la instituci\u00f3n, Diego Kurganoff, y otros integrantes del Consejo Directivo.<\/p>\n<p>All\u00ed comentaron sobre lo vivido durante los \u00faltimos d\u00edas y recibieron las felicitaciones y reconocimientos por parte de la dirigencia.<\/p>\n","protected":false},"excerpt":{"rendered":"<p>El domingo 24 de septiembre concluy\u00f3 la edici\u00f3n 33\u00b0 del Mundial de Tiro a la H\u00e9lice, organizado por la Federaci\u00f3n<\/p>\n","protected":false},"author":2,"featured_media":43342,"comment_status":"closed","ping_status":"closed","sticky":false,"template":"","format":"standard","meta":{"footnotes":""},"categories":[24,19],"tags":[],"class_list":["post-43340","post","type-post","status-publish","format-standard","has-post-thumbnail","hentry","category-noticias-destacadas","category-tiro"],"cc_featured_image_caption":{"caption_text":"Foto prensa Atl\u00e9tico","source_text":"","source_url":""},"_links":{"self":[{"href":"https:\/\/todoapulmon-rafaela.com\/index.php\/wp-json\/wp\/v2\/posts\/43340"}],"collection":[{"href":"https:\/\/todoapulmon-rafaela.com\/index.php\/wp-json\/wp\/v2\/posts"}],"about":[{"href":"https:\/\/todoapulmon-rafaela.com\/index.php\/wp-json\/wp\/v2\/types\/post"}],"author":[{"embeddable":true,"href":"https:\/\/todoapulmon-rafaela.com\/index.php\/wp-json\/wp\/v2\/users\/2"}],"replies":[{"embeddable":true,"href":"https:\/\/todoapulmon-rafaela.com\/index.php\/wp-json\/wp\/v2\/comments?post=43340"}],"version-history":[{"count":2,"href":"https:\/\/todoapulmon-rafaela.com\/index.php\/wp-json\/wp\/v2\/posts\/43340\/revisions"}],"predecessor-version":[{"id":43344,"href":"https:\/\/todoapulmon-rafaela.com\/index.php\/wp-json\/wp\/v2\/posts\/43340\/revisions\/43344"}],"wp:featuredmedia":[{"embeddable":true,"href":"https:\/\/todoapulmon-rafaela.com\/index.php\/wp-json\/wp\/v2\/media\/43342"}],"wp:attachment":[{"href":"https:\/\/todoapulmon-rafaela.com\/index.php\/wp-json\/wp\/v2\/media?parent=43340"}],"wp:term":[{"taxonomy":"category","embeddable":true,"href":"https:\/\/todoapulmon-rafaela.com\/index.php\/wp-json\/wp\/v2\/categories?post=43340"},{"taxonomy":"post_tag","embeddable":true,"href":"https:\/\/todoapulmon-rafaela.com\/index.php\/wp-json\/wp\/v2\/tags?post=43340"}],"curies":[{"name":"wp","href":"https:\/\/api.w.org\/{rel}","templated":true}]}}