{"id":43185,"date":"2023-09-21T11:41:12","date_gmt":"2023-09-21T11:41:12","guid":{"rendered":"https:\/\/todoapulmon-rafaela.com\/?p=43185"},"modified":"2023-09-21T11:41:12","modified_gmt":"2023-09-21T11:41:12","slug":"en-rafaela-hacemos-del-ciclismo-de-pista-un-culto","status":"publish","type":"post","link":"https:\/\/todoapulmon-rafaela.com\/index.php\/2023\/09\/21\/en-rafaela-hacemos-del-ciclismo-de-pista-un-culto\/","title":{"rendered":"\u00abEn Rafaela hacemos del ciclismo de pista un culto\u00bb"},"content":{"rendered":"<p style=\"font-weight: 400\">Como apasionado del ciclismo, Adri\u00e1n Della Torre siempre tiene ideas nuevas ya sea desde el punto de vista dirigencial o en el rol de la difusi\u00f3n de este lindo deporte. El actual presidente del Club Ciclista de Rafaela, dirigente de la FACPYR y Comisario en competencias nacionales e internacionales, ha tenido un a\u00f1o intenso en diferentes eventos de gran prestigio.<\/p>\n<p style=\"font-weight: 400\">Por citar los m\u00e1s importantes, estuvo trabajando en la Vuelta a San Juan, Tour El Porvenir de San Luis, los Argentinos de menores en Roque P\u00e9rez, la Vuelta a Catamarca, Vuelta a Formosa (en conjunto con el Panamericano Junior en Asunci\u00f3n), Panamericano de Ciclismo Elite en San Juan y recientemente en el Mundial Junior de de Cali, Colombia.<\/p>\n<p style=\"font-weight: 400\">\u201cSoy un agradecido, tuvimos un a\u00f1o bastante movido como Comisario, como dirigente, estuvimos trabajando mucho por el deporte que tanto nos gusta y estoy sorprendido por la cantidad de cosas que estuvimos realizando\u201d, expres\u00f3 a modo de introducci\u00f3n quien lleva 28 a\u00f1os trabajando como Comisario, desde los Juegos Panamericanos de Mar de Plata &#8217;95.<\/p>\n<p style=\"font-weight: 400\">Sobre lo vivido en Colombia con los juveniles, puntualiz\u00f3 que \u201cfui como jefe de la delegaci\u00f3n argentina en el Mundial Junior. Una experiencia muy buena, lo que siempre digo es que a nivel presupuestario la Secretar\u00eda de Deportes de Argentina dispone algo similar al que tiene solamente para el ciclismo el Reino Unido. Estamos lejos en cantidad de aportes de dinero, pero deportivamente estamos relativamente bien, dentro de lo pensado y en Am\u00e9rica somos segunda o tercera potencia\u201d.<\/p>\n<p style=\"font-weight: 400\">En este aspecto, comparado este grupo con el Panamericano que se hizo en Asunci\u00f3n donde tuvo muy buenos resultados, coment\u00f3 que \u201call\u00ed estuve como Comisario y haciendo el streaming. Indudablemente cuando se agregan Estados Unidos, M\u00e9xico y Canad\u00e1 peleamos una plaza mas abajo, pero es muy bueno ver crecer a estos chicos que varios los vimos nacer deportivamente entrenando ac\u00e1 en el club, y que sigan despegando a nivel internacional\u201d.<\/p>\n<p><img loading=\"lazy\" decoding=\"async\" class=\"alignnone size-full wp-image-43187\" src=\"https:\/\/todoapulmon-rafaela.com\/wp-content\/uploads\/2023\/09\/Della-Torre.jpg\" alt=\"\" width=\"576\" height=\"1280\" srcset=\"https:\/\/todoapulmon-rafaela.com\/wp-content\/uploads\/2023\/09\/Della-Torre.jpg 576w, https:\/\/todoapulmon-rafaela.com\/wp-content\/uploads\/2023\/09\/Della-Torre-135x300.jpg 135w\" sizes=\"(max-width: 576px) 100vw, 576px\" \/><\/p>\n<p style=\"font-weight: 400\">Consultado sobre las sensaciones que recoge cuando le mencionan la importancia como plaza del ciclismo de pista para Rafaela, mencion\u00f3 que \u201csi, en realidad saben todos que nosotros somos una ciudad en el centro del pa\u00eds y que hacemos del ciclismo de pista un culto, que la selecci\u00f3n argentina concentra varias veces aqu\u00ed en el Club, y para nosotros eso tambi\u00e9n es importante, con el apoyo obviamente de la ciudad, municipio y la provincia, y la Federaci\u00f3n Argentina que aporta la suyo para seguir creciendo y avanzando\u201d.<\/p>\n<p style=\"font-weight: 400\">Ya desde hace varios a\u00f1os, Della Torre impuls\u00f3 la Asociaci\u00f3n Ciclista Centro Oeste Santafesino para federar valores del territorio santafesino. \u201cNosotros como ACCOS tenemos incumbencia en toda la provincia de Santa Fe, entonces los deportistas con domicilio en la provincia pueden licenciarse con nosotros y representar al Club y Rafaela. Con Daniel (Capella) como entrenador, las comodidades y posibilidades que da el club a todos, eso ayuda mucho que tengamos un gran caudal de deportistas que se suman representando a Rafaela en todos los eventos que vamos\u201d.<\/p>\n<p style=\"font-weight: 400\">Consultado sobre c\u00f3mo est\u00e1 el tema de las obras para los ODESUR 2026, Della Torre expres\u00f3 que \u201chablamos con Florencia (Molinero) \u00faltimamente, luego fueron las elecciones. Ven\u00edamos avanzados con Luis (Castellano) en las charlas, siempre intermediando con Florencia. Las obras tienen que hacerse, los juegos van a ser en Rafaela espec\u00edficamente en ciclismo, y esperemos que surjan avances porque el tiempo pasa r\u00e1pido\u201d.<\/p>\n<p style=\"font-weight: 400\">Sobre la realizaci\u00f3n de los Campeonatos Argentinos de manera conjunta en las pr\u00f3ximas semanas, puntualiz\u00f3 que \u201csi, se vienen los Argentinos de San Juan. A partir del 2 de octubre vamos a estar all\u00e1, el acto inaugural es el 25 y la semana siguiente pista a full, es la primera vez en Argentina en todas las categor\u00edas, con un campeonato de seis d\u00edas, y eso tambi\u00e9n dar\u00e1 la posibilidad de mostrar el ciclismo al resto del pa\u00eds como deporte integrador. Se ahorran esfuerzos, gastos y es un gran espect\u00e1culo para los que lo vean en vivo, y los que lo vean por streaming\u201d.<\/p>\n","protected":false},"excerpt":{"rendered":"<p>Como apasionado del ciclismo, Adri\u00e1n Della Torre siempre tiene ideas nuevas ya sea desde el punto de vista dirigencial o<\/p>\n","protected":false},"author":2,"featured_media":43186,"comment_status":"closed","ping_status":"closed","sticky":false,"template":"","format":"standard","meta":{"footnotes":""},"categories":[4,24],"tags":[],"class_list":["post-43185","post","type-post","status-publish","format-standard","has-post-thumbnail","hentry","category-ciclismo","category-noticias-destacadas"],"cc_featured_image_caption":{"caption_text":"","source_text":"","source_url":""},"_links":{"self":[{"href":"https:\/\/todoapulmon-rafaela.com\/index.php\/wp-json\/wp\/v2\/posts\/43185"}],"collection":[{"href":"https:\/\/todoapulmon-rafaela.com\/index.php\/wp-json\/wp\/v2\/posts"}],"about":[{"href":"https:\/\/todoapulmon-rafaela.com\/index.php\/wp-json\/wp\/v2\/types\/post"}],"author":[{"embeddable":true,"href":"https:\/\/todoapulmon-rafaela.com\/index.php\/wp-json\/wp\/v2\/users\/2"}],"replies":[{"embeddable":true,"href":"https:\/\/todoapulmon-rafaela.com\/index.php\/wp-json\/wp\/v2\/comments?post=43185"}],"version-history":[{"count":1,"href":"https:\/\/todoapulmon-rafaela.com\/index.php\/wp-json\/wp\/v2\/posts\/43185\/revisions"}],"predecessor-version":[{"id":43188,"href":"https:\/\/todoapulmon-rafaela.com\/index.php\/wp-json\/wp\/v2\/posts\/43185\/revisions\/43188"}],"wp:featuredmedia":[{"embeddable":true,"href":"https:\/\/todoapulmon-rafaela.com\/index.php\/wp-json\/wp\/v2\/media\/43186"}],"wp:attachment":[{"href":"https:\/\/todoapulmon-rafaela.com\/index.php\/wp-json\/wp\/v2\/media?parent=43185"}],"wp:term":[{"taxonomy":"category","embeddable":true,"href":"https:\/\/todoapulmon-rafaela.com\/index.php\/wp-json\/wp\/v2\/categories?post=43185"},{"taxonomy":"post_tag","embeddable":true,"href":"https:\/\/todoapulmon-rafaela.com\/index.php\/wp-json\/wp\/v2\/tags?post=43185"}],"curies":[{"name":"wp","href":"https:\/\/api.w.org\/{rel}","templated":true}]}}