{"id":42981,"date":"2023-09-14T12:10:29","date_gmt":"2023-09-14T12:10:29","guid":{"rendered":"https:\/\/todoapulmon-rafaela.com\/?p=42981"},"modified":"2023-09-14T12:11:54","modified_gmt":"2023-09-14T12:11:54","slug":"siguen-abiertas-las-inscripciones-para-los-21k","status":"publish","type":"post","link":"https:\/\/todoapulmon-rafaela.com\/index.php\/2023\/09\/14\/siguen-abiertas-las-inscripciones-para-los-21k\/","title":{"rendered":"Siguen abiertas las inscripciones para los 21k"},"content":{"rendered":"<p dir=\"ltr\">La 13\u00aa edici\u00f3n de la media marat\u00f3n \u00ab21K, Rafaela 2023\u00bb se desarrollar\u00e1 el pr\u00f3ximo 8 de octubre. Adem\u00e1s de la distancia central de 21, se realizar\u00e1n las de 10 y 5 kil\u00f3metros.<\/p>\n<p dir=\"ltr\">La Municipalidad de Rafaela invita a runners y aficionados a inscribirse para participar. Cabe recordar que las y los participantes deber\u00e1n presentar los aptos m\u00e9dicos deportivos.\u00a0Los \u201c21K\u201d han posicionado a Rafaela en la agenda provincial y nacional de eventos deportivos.<\/p>\n<p dir=\"ltr\">Asimismo, la jornada incluir\u00e1 premios por categor\u00edas y sorteos de bicicletas, relojes, auriculares inal\u00e1mbricos y parlantes.<\/p>\n<p dir=\"ltr\">Con respecto a la organizaci\u00f3n de la competencia, vale se\u00f1alar que el d\u00eda del evento habr\u00e1 seis puestos de hidrataci\u00f3n. En el quinto, adem\u00e1s de agua, frutas. En tanto que en el sexto (detr\u00e1s de la l\u00ednea de llegada) frutas, agua isot\u00f3nica, barritas de cereal y frutos secos.<\/p>\n<p dir=\"ltr\">Adem\u00e1s, un parque cerrado en torno a la Plaza 25 de Mayo en donde se van a ubicar los estands de kinesi\u00f3logos, con 10 especialistas para asistir antes y despu\u00e9s de la carrera a cada uno de los corredores, de podolog\u00eda y nutrici\u00f3n.<\/p>\n<p dir=\"ltr\">Los detalles referidos a la carrera se pueden conocer ingresando al siguiente enlace: <a href=\"https:\/\/www.rafaela.gob.ar\/Sitio\/#\/Programa\/457\" target=\"_blank\" rel=\"noopener\" data-saferedirecturl=\"https:\/\/www.google.com\/url?q=https:\/\/www.rafaela.gob.ar\/Sitio\/%23\/Programa\/457&amp;source=gmail&amp;ust=1694778978368000&amp;usg=AOvVaw2rLQIs2w1sjYlF7q-zuHGW\">https:\/\/www.rafaela.gob.ar\/Sitio\/#\/Programa\/457<\/a>.<\/p>\n","protected":false},"excerpt":{"rendered":"<p>La 13\u00aa edici\u00f3n de la media marat\u00f3n \u00ab21K, Rafaela 2023\u00bb se desarrollar\u00e1 el pr\u00f3ximo 8 de octubre. Adem\u00e1s de la<\/p>\n","protected":false},"author":2,"featured_media":42982,"comment_status":"closed","ping_status":"closed","sticky":false,"template":"","format":"standard","meta":{"footnotes":""},"categories":[7,24],"tags":[],"class_list":["post-42981","post","type-post","status-publish","format-standard","has-post-thumbnail","hentry","category-atletismo","category-noticias-destacadas"],"cc_featured_image_caption":{"caption_text":"","source_text":"","source_url":""},"_links":{"self":[{"href":"https:\/\/todoapulmon-rafaela.com\/index.php\/wp-json\/wp\/v2\/posts\/42981"}],"collection":[{"href":"https:\/\/todoapulmon-rafaela.com\/index.php\/wp-json\/wp\/v2\/posts"}],"about":[{"href":"https:\/\/todoapulmon-rafaela.com\/index.php\/wp-json\/wp\/v2\/types\/post"}],"author":[{"embeddable":true,"href":"https:\/\/todoapulmon-rafaela.com\/index.php\/wp-json\/wp\/v2\/users\/2"}],"replies":[{"embeddable":true,"href":"https:\/\/todoapulmon-rafaela.com\/index.php\/wp-json\/wp\/v2\/comments?post=42981"}],"version-history":[{"count":2,"href":"https:\/\/todoapulmon-rafaela.com\/index.php\/wp-json\/wp\/v2\/posts\/42981\/revisions"}],"predecessor-version":[{"id":42984,"href":"https:\/\/todoapulmon-rafaela.com\/index.php\/wp-json\/wp\/v2\/posts\/42981\/revisions\/42984"}],"wp:featuredmedia":[{"embeddable":true,"href":"https:\/\/todoapulmon-rafaela.com\/index.php\/wp-json\/wp\/v2\/media\/42982"}],"wp:attachment":[{"href":"https:\/\/todoapulmon-rafaela.com\/index.php\/wp-json\/wp\/v2\/media?parent=42981"}],"wp:term":[{"taxonomy":"category","embeddable":true,"href":"https:\/\/todoapulmon-rafaela.com\/index.php\/wp-json\/wp\/v2\/categories?post=42981"},{"taxonomy":"post_tag","embeddable":true,"href":"https:\/\/todoapulmon-rafaela.com\/index.php\/wp-json\/wp\/v2\/tags?post=42981"}],"curies":[{"name":"wp","href":"https:\/\/api.w.org\/{rel}","templated":true}]}}