{"id":42937,"date":"2023-09-11T13:58:17","date_gmt":"2023-09-11T13:58:17","guid":{"rendered":"https:\/\/todoapulmon-rafaela.com\/?p=42937"},"modified":"2023-09-11T13:58:17","modified_gmt":"2023-09-11T13:58:17","slug":"caminata-recreativa-2k-por-los-30-anos-de-la-umte","status":"publish","type":"post","link":"https:\/\/todoapulmon-rafaela.com\/index.php\/2023\/09\/11\/caminata-recreativa-2k-por-los-30-anos-de-la-umte\/","title":{"rendered":"Caminata recreativa 2K por los 30 a\u00f1os de la UMTE"},"content":{"rendered":"<p style=\"font-weight: 400\">El s\u00e1bado 16 de septiembre, a las 16:00 se realizar\u00e1 una caminata recreativa con motivo del cumplea\u00f1os n\u00famero 30 de la Universidad de la Mediana y Tercera Edad.<\/p>\n<p style=\"font-weight: 400\">La Municipalidad de Rafaela y la UMTE organizan una caminata recreativa para celebrar el 30 aniversario de la entidad.<\/p>\n<p style=\"font-weight: 400\">El punto de encuentro y de partida ser\u00e1 frente a la instituci\u00f3n ubicada en Bv. Lehmann 570, donde y desde las 16:00 se har\u00e1 una entrada en calor y movimientos de elongaci\u00f3n a cargo de profesores.<\/p>\n<p style=\"font-weight: 400\">Los profesores, as\u00ed como tambi\u00e9n personal de Protecci\u00f3n Vial est\u00e1n presentes a lo largo de todo el recorrido, colaborado, asistiendo y acompa\u00f1ando a los participantes. Finalizada la caminata se realizar\u00e1n distintos sorteos.<\/p>\n<p style=\"font-weight: 400\">De esta forma se invita a participar a todos los integrantes de la UMTE, a sus familiares y a todo el p\u00fablico en general ya que la actividad recreativa ser\u00e1 gratis y abierta a todo p\u00fablico.<\/p>\n<p style=\"font-weight: 400\">Se recuerda a los participantes llevar su correspondiente botella de agua y que en caso de mal tiempo el evento se pasar\u00e1 para el s\u00e1bado 23 de septiembre.<\/p>\n","protected":false},"excerpt":{"rendered":"<p>El s\u00e1bado 16 de septiembre, a las 16:00 se realizar\u00e1 una caminata recreativa con motivo del cumplea\u00f1os n\u00famero 30 de<\/p>\n","protected":false},"author":2,"featured_media":42938,"comment_status":"closed","ping_status":"closed","sticky":false,"template":"","format":"standard","meta":{"footnotes":""},"categories":[1],"tags":[],"class_list":["post-42937","post","type-post","status-publish","format-standard","has-post-thumbnail","hentry","category-sin-categoria"],"cc_featured_image_caption":{"caption_text":"","source_text":"","source_url":""},"_links":{"self":[{"href":"https:\/\/todoapulmon-rafaela.com\/index.php\/wp-json\/wp\/v2\/posts\/42937"}],"collection":[{"href":"https:\/\/todoapulmon-rafaela.com\/index.php\/wp-json\/wp\/v2\/posts"}],"about":[{"href":"https:\/\/todoapulmon-rafaela.com\/index.php\/wp-json\/wp\/v2\/types\/post"}],"author":[{"embeddable":true,"href":"https:\/\/todoapulmon-rafaela.com\/index.php\/wp-json\/wp\/v2\/users\/2"}],"replies":[{"embeddable":true,"href":"https:\/\/todoapulmon-rafaela.com\/index.php\/wp-json\/wp\/v2\/comments?post=42937"}],"version-history":[{"count":1,"href":"https:\/\/todoapulmon-rafaela.com\/index.php\/wp-json\/wp\/v2\/posts\/42937\/revisions"}],"predecessor-version":[{"id":42939,"href":"https:\/\/todoapulmon-rafaela.com\/index.php\/wp-json\/wp\/v2\/posts\/42937\/revisions\/42939"}],"wp:featuredmedia":[{"embeddable":true,"href":"https:\/\/todoapulmon-rafaela.com\/index.php\/wp-json\/wp\/v2\/media\/42938"}],"wp:attachment":[{"href":"https:\/\/todoapulmon-rafaela.com\/index.php\/wp-json\/wp\/v2\/media?parent=42937"}],"wp:term":[{"taxonomy":"category","embeddable":true,"href":"https:\/\/todoapulmon-rafaela.com\/index.php\/wp-json\/wp\/v2\/categories?post=42937"},{"taxonomy":"post_tag","embeddable":true,"href":"https:\/\/todoapulmon-rafaela.com\/index.php\/wp-json\/wp\/v2\/tags?post=42937"}],"curies":[{"name":"wp","href":"https:\/\/api.w.org\/{rel}","templated":true}]}}