{"id":42914,"date":"2023-09-10T18:09:43","date_gmt":"2023-09-10T18:09:43","guid":{"rendered":"https:\/\/todoapulmon-rafaela.com\/?p=42914"},"modified":"2023-09-10T18:10:36","modified_gmt":"2023-09-10T18:10:36","slug":"tomas-mondino-tambien-festejo-en-los-200-metros-con-marca-record","status":"publish","type":"post","link":"https:\/\/todoapulmon-rafaela.com\/index.php\/2023\/09\/10\/tomas-mondino-tambien-festejo-en-los-200-metros-con-marca-record\/","title":{"rendered":"Tom\u00e1s Mondino tambi\u00e9n festej\u00f3 en los 200 metros, con marca r\u00e9cord"},"content":{"rendered":"<p>En la jornada de cierre del Campeonato Nacional U23 de atletismo en Mar del Plata, el velocista Tom\u00e1s Mondino obtuvo el t\u00edtulo de los 200 metros llanos, consumando el doblete tras la conquista de los 100 el d\u00eda s\u00e1bado.<\/p>\n<p>Luego de ganar la serie durante la ma\u00f1ana con bastante viento, las condiciones por la tarde fueron propicias (1.8) para que el rafaelino lograra una de sus mejores marcas del a\u00f1o, con los 20s 93 que no s\u00f3lo le permitieron llevarse el triunfo, sino tambi\u00e9n con r\u00e9cord nacional en su categor\u00eda, la U20, batiendo su propio registro anterior de 21s 06, y quedando a solo dos cent\u00e9simas del r\u00e9cord argentino U23 con 18 a\u00f1os.<\/p>\n<p>Escoltando a Mondino lleg\u00f3 el mendocino Agust\u00edn Pinti con 21s 42s, mientras que el metropolitano Pedro Rodriguez Merlo fue tercero con 21s 51.<\/p>\n<p>Estas performances de Tomy lo muestran en plena carrera para intentar ganarse un lugar dentro de los velocistas para otros compromisos internacionales, fundamentalmente los Juegos Panamericanos de Santiago.<\/p>\n","protected":false},"excerpt":{"rendered":"<p>En la jornada de cierre del Campeonato Nacional U23 de atletismo en Mar del Plata, el velocista Tom\u00e1s Mondino obtuvo<\/p>\n","protected":false},"author":2,"featured_media":42918,"comment_status":"closed","ping_status":"closed","sticky":false,"template":"","format":"standard","meta":{"footnotes":""},"categories":[7,24],"tags":[],"class_list":["post-42914","post","type-post","status-publish","format-standard","has-post-thumbnail","hentry","category-atletismo","category-noticias-destacadas"],"cc_featured_image_caption":{"caption_text":"FOTO TTL DEPORTES","source_text":"","source_url":""},"_links":{"self":[{"href":"https:\/\/todoapulmon-rafaela.com\/index.php\/wp-json\/wp\/v2\/posts\/42914"}],"collection":[{"href":"https:\/\/todoapulmon-rafaela.com\/index.php\/wp-json\/wp\/v2\/posts"}],"about":[{"href":"https:\/\/todoapulmon-rafaela.com\/index.php\/wp-json\/wp\/v2\/types\/post"}],"author":[{"embeddable":true,"href":"https:\/\/todoapulmon-rafaela.com\/index.php\/wp-json\/wp\/v2\/users\/2"}],"replies":[{"embeddable":true,"href":"https:\/\/todoapulmon-rafaela.com\/index.php\/wp-json\/wp\/v2\/comments?post=42914"}],"version-history":[{"count":3,"href":"https:\/\/todoapulmon-rafaela.com\/index.php\/wp-json\/wp\/v2\/posts\/42914\/revisions"}],"predecessor-version":[{"id":42920,"href":"https:\/\/todoapulmon-rafaela.com\/index.php\/wp-json\/wp\/v2\/posts\/42914\/revisions\/42920"}],"wp:featuredmedia":[{"embeddable":true,"href":"https:\/\/todoapulmon-rafaela.com\/index.php\/wp-json\/wp\/v2\/media\/42918"}],"wp:attachment":[{"href":"https:\/\/todoapulmon-rafaela.com\/index.php\/wp-json\/wp\/v2\/media?parent=42914"}],"wp:term":[{"taxonomy":"category","embeddable":true,"href":"https:\/\/todoapulmon-rafaela.com\/index.php\/wp-json\/wp\/v2\/categories?post=42914"},{"taxonomy":"post_tag","embeddable":true,"href":"https:\/\/todoapulmon-rafaela.com\/index.php\/wp-json\/wp\/v2\/tags?post=42914"}],"curies":[{"name":"wp","href":"https:\/\/api.w.org\/{rel}","templated":true}]}}