{"id":4285,"date":"2017-01-12T02:19:51","date_gmt":"2017-01-12T02:19:51","guid":{"rendered":"http:\/\/todoapulmon-rafaela.com\/?p=4285"},"modified":"2017-01-12T02:19:51","modified_gmt":"2017-01-12T02:19:51","slug":"respuestas-ante-los-danos-sufridos-por-los-clubes","status":"publish","type":"post","link":"https:\/\/todoapulmon-rafaela.com\/index.php\/2017\/01\/12\/respuestas-ante-los-danos-sufridos-por-los-clubes\/","title":{"rendered":"Respuestas ante los da\u00f1os sufridos por los clubes"},"content":{"rendered":"<p>Este mi\u00e9rcoles se llev\u00f3 a cabo una reuni\u00f3n para coordinar acciones en favor de las instituciones deportivas que sufrieron da\u00f1os durante las tormentas del 1 y 3 de enero. El secretario de Desarrollo Deportivo de la provincia, Pablo Cat\u00e1n, y la directora provincial de Instituciones Deportivas y Capacitaciones, Patricia Giuricich, recibieron este mi\u00e9rcoles al subsecretario de Deportes de Rafaela, Sebasti\u00e1n Ballina, para trabajar en acciones conjuntas que beneficien a las 14 instituciones deportivas de la ciudad que fueron afectadas por el temporal ocurrido los primeros d\u00edas de enero.<br \/>\nEl pedido de reuni\u00f3n y fundamentalmente de una respuesta favorable para atenuar los costos de los da\u00f1os, hab\u00eda sido manifestado oportunamente por el intendente Luis Castellano.<br \/>\nLuego del encuentro, Catan resalt\u00f3 que \u201cdesde el gobierno provincial siempre trabajamos y coordinamos acciones con los gobiernos locales y m\u00e1s en este tipo de coyunturas puntuales en las que es fundamental abordar de manera conjunta la situaci\u00f3n\u201d. \u201cHasta el momento son 14 los clubes afectados por las tormentas de la primera semana de enero, y el objetivo es que el gobierno provincial junto al municipal colaboren para reparar los da\u00f1os ocasionados por el temporal en todas las instituciones de Rafaela\u201d, concluy\u00f3, de acuerdo a lo informado por el \u00e1rea de prensa provincial.<br \/>\nPor su parte, Ballina expres\u00f3 que \u201clas tormentas del 1 y 3 de enero afectaron a aproximadamente 14 instituciones, de 50 que posee la ciudad, y esto se debi\u00f3 principalmente a los fuertes vientos, pero tambi\u00e9n a la gran cantidad de lluvia que tuvimos desde el inicio del a\u00f1o, no s\u00f3lo en Rafaela, sino en toda la regi\u00f3n\u201d.<br \/>\nEl funcionario tambi\u00e9n destac\u00f3 el trabajo en conjunto y expres\u00f3 que \u201cdesde el primer minuto el gobernador y el ministro de Desarrollo Social estuvieron tomando el tema y hoy, junto a la Secretar\u00eda de Deportes, estamos trazando estrategias concretas para beneficiar a los clubes rafaelinos\u201d.<br \/>\nEl encuentro se llev\u00f3 a cabo en la sede de la Secretar\u00eda de Desarrollo Deportivo de la provincia en la ciudad de Santa Fe. En tanto, la semana pr\u00f3xima, se reunir\u00e1n nuevamente para avanzar en el apoyo del Estado provincial a los clubes que se vieron perjudicados por las tormentas.<\/p>\n","protected":false},"excerpt":{"rendered":"<p>Este mi\u00e9rcoles se llev\u00f3 a cabo una reuni\u00f3n para coordinar acciones en favor de las instituciones deportivas que sufrieron da\u00f1os<\/p>\n","protected":false},"author":2,"featured_media":4287,"comment_status":"open","ping_status":"open","sticky":false,"template":"","format":"standard","meta":{"footnotes":""},"categories":[24,1],"tags":[],"class_list":["post-4285","post","type-post","status-publish","format-standard","has-post-thumbnail","hentry","category-noticias-destacadas","category-sin-categoria"],"cc_featured_image_caption":{"caption_text":"Ballina estuvo reunido con Giuricich y Cat\u00e1n.","source_text":"","source_url":""},"_links":{"self":[{"href":"https:\/\/todoapulmon-rafaela.com\/index.php\/wp-json\/wp\/v2\/posts\/4285"}],"collection":[{"href":"https:\/\/todoapulmon-rafaela.com\/index.php\/wp-json\/wp\/v2\/posts"}],"about":[{"href":"https:\/\/todoapulmon-rafaela.com\/index.php\/wp-json\/wp\/v2\/types\/post"}],"author":[{"embeddable":true,"href":"https:\/\/todoapulmon-rafaela.com\/index.php\/wp-json\/wp\/v2\/users\/2"}],"replies":[{"embeddable":true,"href":"https:\/\/todoapulmon-rafaela.com\/index.php\/wp-json\/wp\/v2\/comments?post=4285"}],"version-history":[{"count":1,"href":"https:\/\/todoapulmon-rafaela.com\/index.php\/wp-json\/wp\/v2\/posts\/4285\/revisions"}],"predecessor-version":[{"id":4288,"href":"https:\/\/todoapulmon-rafaela.com\/index.php\/wp-json\/wp\/v2\/posts\/4285\/revisions\/4288"}],"wp:featuredmedia":[{"embeddable":true,"href":"https:\/\/todoapulmon-rafaela.com\/index.php\/wp-json\/wp\/v2\/media\/4287"}],"wp:attachment":[{"href":"https:\/\/todoapulmon-rafaela.com\/index.php\/wp-json\/wp\/v2\/media?parent=4285"}],"wp:term":[{"taxonomy":"category","embeddable":true,"href":"https:\/\/todoapulmon-rafaela.com\/index.php\/wp-json\/wp\/v2\/categories?post=4285"},{"taxonomy":"post_tag","embeddable":true,"href":"https:\/\/todoapulmon-rafaela.com\/index.php\/wp-json\/wp\/v2\/tags?post=4285"}],"curies":[{"name":"wp","href":"https:\/\/api.w.org\/{rel}","templated":true}]}}