{"id":42808,"date":"2023-09-06T14:43:02","date_gmt":"2023-09-06T14:43:02","guid":{"rendered":"https:\/\/todoapulmon-rafaela.com\/?p=42808"},"modified":"2023-09-06T14:43:02","modified_gmt":"2023-09-06T14:43:02","slug":"doblete-de-titulos-para-vanesa-peralta-en-el-nacional-master","status":"publish","type":"post","link":"https:\/\/todoapulmon-rafaela.com\/index.php\/2023\/09\/06\/doblete-de-titulos-para-vanesa-peralta-en-el-nacional-master\/","title":{"rendered":"Doblete de t\u00edtulos para Vanesa Peralta en el Nacional Master"},"content":{"rendered":"<p>A la obtenci\u00f3n del primer puesto en los 5.000 metros, luego se sum\u00f3 el de los 3.000. La marchista Vanesa Peralta, entrenada por Ariel Magallanes en el grupo Runnea, tuvo de esta manera un excelente fin de semana en Posadas donde se desarroll\u00f3 el campeonato Nacional Master de Atletismo.<\/p>\n<p>El tiempo en los tres kil\u00f3metros para la cordobesa radicada en Rafaela fue de 19m 25s 36.<\/p>\n<p><img loading=\"lazy\" decoding=\"async\" class=\"alignnone size-full wp-image-42810\" src=\"https:\/\/todoapulmon-rafaela.com\/wp-content\/uploads\/2023\/09\/Peralta-Vanesa1.jpg\" alt=\"\" width=\"720\" height=\"960\" srcset=\"https:\/\/todoapulmon-rafaela.com\/wp-content\/uploads\/2023\/09\/Peralta-Vanesa1.jpg 720w, https:\/\/todoapulmon-rafaela.com\/wp-content\/uploads\/2023\/09\/Peralta-Vanesa1-225x300.jpg 225w\" sizes=\"(max-width: 720px) 100vw, 720px\" \/><\/p>\n<p>La deportista que se volc\u00f3 a esta modalidad del atletismo en estos \u00faltimos a\u00f1os logr\u00f3 promisorios avances en cuanto a tiempos. \u00abTengo entendido que conoci\u00f3 la marcha luego de un desaf\u00edo personal con un amigo sobre qui\u00e9n caminaba m\u00e1s r\u00e1pido en un trayecto, le recomendaron que venga al grupo y as\u00ed fue progresando muy bien. Sus tiempos est\u00e1n cercanos inclusive para participar de competencias a nivel de atletas federados, no solamente como Master\u00bb, expres\u00f3 Magallanes.<\/p>\n","protected":false},"excerpt":{"rendered":"<p>A la obtenci\u00f3n del primer puesto en los 5.000 metros, luego se sum\u00f3 el de los 3.000. La marchista Vanesa<\/p>\n","protected":false},"author":2,"featured_media":42809,"comment_status":"closed","ping_status":"closed","sticky":false,"template":"","format":"standard","meta":{"footnotes":""},"categories":[7],"tags":[],"class_list":["post-42808","post","type-post","status-publish","format-standard","has-post-thumbnail","hentry","category-atletismo"],"cc_featured_image_caption":{"caption_text":"","source_text":"","source_url":""},"_links":{"self":[{"href":"https:\/\/todoapulmon-rafaela.com\/index.php\/wp-json\/wp\/v2\/posts\/42808"}],"collection":[{"href":"https:\/\/todoapulmon-rafaela.com\/index.php\/wp-json\/wp\/v2\/posts"}],"about":[{"href":"https:\/\/todoapulmon-rafaela.com\/index.php\/wp-json\/wp\/v2\/types\/post"}],"author":[{"embeddable":true,"href":"https:\/\/todoapulmon-rafaela.com\/index.php\/wp-json\/wp\/v2\/users\/2"}],"replies":[{"embeddable":true,"href":"https:\/\/todoapulmon-rafaela.com\/index.php\/wp-json\/wp\/v2\/comments?post=42808"}],"version-history":[{"count":1,"href":"https:\/\/todoapulmon-rafaela.com\/index.php\/wp-json\/wp\/v2\/posts\/42808\/revisions"}],"predecessor-version":[{"id":42811,"href":"https:\/\/todoapulmon-rafaela.com\/index.php\/wp-json\/wp\/v2\/posts\/42808\/revisions\/42811"}],"wp:featuredmedia":[{"embeddable":true,"href":"https:\/\/todoapulmon-rafaela.com\/index.php\/wp-json\/wp\/v2\/media\/42809"}],"wp:attachment":[{"href":"https:\/\/todoapulmon-rafaela.com\/index.php\/wp-json\/wp\/v2\/media?parent=42808"}],"wp:term":[{"taxonomy":"category","embeddable":true,"href":"https:\/\/todoapulmon-rafaela.com\/index.php\/wp-json\/wp\/v2\/categories?post=42808"},{"taxonomy":"post_tag","embeddable":true,"href":"https:\/\/todoapulmon-rafaela.com\/index.php\/wp-json\/wp\/v2\/tags?post=42808"}],"curies":[{"name":"wp","href":"https:\/\/api.w.org\/{rel}","templated":true}]}}