{"id":42763,"date":"2023-09-04T19:11:10","date_gmt":"2023-09-04T19:11:10","guid":{"rendered":"https:\/\/todoapulmon-rafaela.com\/?p=42763"},"modified":"2023-09-04T19:11:10","modified_gmt":"2023-09-04T19:11:10","slug":"bikers-rafaelinos-con-buena-labor-en-el-desafio-del-camino-real","status":"publish","type":"post","link":"https:\/\/todoapulmon-rafaela.com\/index.php\/2023\/09\/04\/bikers-rafaelinos-con-buena-labor-en-el-desafio-del-camino-real\/","title":{"rendered":"Bikers rafaelinos con buena labor en el Desaf\u00edo del Camino Real"},"content":{"rendered":"<p>El domingo se desarroll\u00f3 la und\u00e9cima edici\u00f3n de la tradicional competencia de Rally Bike \u00abDesaf\u00edo del Camino Real\u00bb, en la localidad cordobesa de Villa del Totoral. La competencia, prevista en dos recorridos distintos, de 80 y 40 kil\u00f3metros, tuvo la presencia de bikers de nuestra ciudad.<\/p>\n<p>En la distancia de 80 kil\u00f3metros, Luisina Simondi fue s\u00e9ptima en la clasificaci\u00f3n general con un tiempo de 2h 55m 15s, mientras que en su categor\u00eda Damas A se ubic\u00f3 cuarta entre 18 competidores.<\/p>\n<p>Por su parte, Rosal\u00eda Gentinetta se ubic\u00f3 15\u00aa en la general con 2h 59m 54 y tercera en la categor\u00eda C, donde hubo 14 inscriptas. La ganadora de la clasificaci\u00f3n general fue Carolina Maldonado, de Colonia Caroya, con 2h 39m 46s, seguida por la venezolana Nelismar G\u00f3mez. Fueron 53 las inscriptas entre todas las categor\u00edas en esta distancia.<\/p>\n<p>En cuanto a las clasificaciones masculinas, el mejor de Rafaela en la general fue fue Juan Manuel Roggero en la posici\u00f3n 37 con 2h 28m 57s, luego Edgardo Rasetto 47, Mat\u00edas Dominino 72 y el susanense Leonardo Gonz\u00e1lez 91, mencionando a los principales ubicados, ya que hubo 351 varones inscriptos en esta distancia que tuvo como ganador a Franco Alveroni (Oncativo) en 2h 22m 34s, seguido por Luciano Zecchin (Isla Verde).<\/p>\n<figure id=\"attachment_42768\" aria-describedby=\"caption-attachment-42768\" style=\"width: 720px\" class=\"wp-caption alignnone\"><img loading=\"lazy\" decoding=\"async\" class=\"size-full wp-image-42768\" src=\"https:\/\/todoapulmon-rafaela.com\/wp-content\/uploads\/2023\/09\/Screenshot_20230904-160521_Instagram1.jpg\" alt=\"\" width=\"720\" height=\"468\" srcset=\"https:\/\/todoapulmon-rafaela.com\/wp-content\/uploads\/2023\/09\/Screenshot_20230904-160521_Instagram1.jpg 720w, https:\/\/todoapulmon-rafaela.com\/wp-content\/uploads\/2023\/09\/Screenshot_20230904-160521_Instagram1-300x195.jpg 300w\" sizes=\"(max-width: 720px) 100vw, 720px\" \/><figcaption id=\"caption-attachment-42768\" class=\"wp-caption-text\">El podio de Luisina Simondi.<\/figcaption><\/figure>\n<p>Por categor\u00edas, quedaron de esta manera:<\/p>\n<p><strong>Master A1<\/strong>: 8) Juan Manuel Roggero, 17) Germ\u00e1n Leandri. (29 participantes).<\/p>\n<p><strong>Master B1:<\/strong> 9) Edgardo Rasetto, 24) Mat\u00edas Dominino. (63 participantes).<\/p>\n<figure id=\"attachment_42769\" aria-describedby=\"caption-attachment-42769\" style=\"width: 720px\" class=\"wp-caption alignnone\"><img loading=\"lazy\" decoding=\"async\" class=\"size-full wp-image-42769\" src=\"https:\/\/todoapulmon-rafaela.com\/wp-content\/uploads\/2023\/09\/Screenshot_20230904-160554_Instagram1.jpg\" alt=\"\" width=\"720\" height=\"588\" srcset=\"https:\/\/todoapulmon-rafaela.com\/wp-content\/uploads\/2023\/09\/Screenshot_20230904-160554_Instagram1.jpg 720w, https:\/\/todoapulmon-rafaela.com\/wp-content\/uploads\/2023\/09\/Screenshot_20230904-160554_Instagram1-300x245.jpg 300w\" sizes=\"(max-width: 720px) 100vw, 720px\" \/><figcaption id=\"caption-attachment-42769\" class=\"wp-caption-text\">El podio de la categor\u00eda de Edgardo Rasetto.<\/figcaption><\/figure>\n<p><strong>Master B2:<\/strong> 18) Guillemo Basso (57 participantes).<\/p>\n<p><strong>Master C1:<\/strong> 3) Leonardo Gonz\u00e1lez (51 participantes).<\/p>\n<p><strong>Master C2:<\/strong> 21) Ismael Isa (38 participantes).<\/p>\n<p>Cabe mencionar que el chubutense Nicol\u00e1s Antorena, radicado en Rafaela, fue segundo en Elite con 2h 25m 32s.<\/p>\n","protected":false},"excerpt":{"rendered":"<p>El domingo se desarroll\u00f3 la und\u00e9cima edici\u00f3n de la tradicional competencia de Rally Bike \u00abDesaf\u00edo del Camino Real\u00bb, en la<\/p>\n","protected":false},"author":2,"featured_media":42767,"comment_status":"closed","ping_status":"closed","sticky":false,"template":"","format":"standard","meta":{"footnotes":""},"categories":[4,24],"tags":[],"class_list":["post-42763","post","type-post","status-publish","format-standard","has-post-thumbnail","hentry","category-ciclismo","category-noticias-destacadas"],"cc_featured_image_caption":{"caption_text":"Rosal\u00eda Gentinetta se ubic\u00f3 tercera en su categor\u00eda.","source_text":"","source_url":""},"_links":{"self":[{"href":"https:\/\/todoapulmon-rafaela.com\/index.php\/wp-json\/wp\/v2\/posts\/42763"}],"collection":[{"href":"https:\/\/todoapulmon-rafaela.com\/index.php\/wp-json\/wp\/v2\/posts"}],"about":[{"href":"https:\/\/todoapulmon-rafaela.com\/index.php\/wp-json\/wp\/v2\/types\/post"}],"author":[{"embeddable":true,"href":"https:\/\/todoapulmon-rafaela.com\/index.php\/wp-json\/wp\/v2\/users\/2"}],"replies":[{"embeddable":true,"href":"https:\/\/todoapulmon-rafaela.com\/index.php\/wp-json\/wp\/v2\/comments?post=42763"}],"version-history":[{"count":4,"href":"https:\/\/todoapulmon-rafaela.com\/index.php\/wp-json\/wp\/v2\/posts\/42763\/revisions"}],"predecessor-version":[{"id":42770,"href":"https:\/\/todoapulmon-rafaela.com\/index.php\/wp-json\/wp\/v2\/posts\/42763\/revisions\/42770"}],"wp:featuredmedia":[{"embeddable":true,"href":"https:\/\/todoapulmon-rafaela.com\/index.php\/wp-json\/wp\/v2\/media\/42767"}],"wp:attachment":[{"href":"https:\/\/todoapulmon-rafaela.com\/index.php\/wp-json\/wp\/v2\/media?parent=42763"}],"wp:term":[{"taxonomy":"category","embeddable":true,"href":"https:\/\/todoapulmon-rafaela.com\/index.php\/wp-json\/wp\/v2\/categories?post=42763"},{"taxonomy":"post_tag","embeddable":true,"href":"https:\/\/todoapulmon-rafaela.com\/index.php\/wp-json\/wp\/v2\/tags?post=42763"}],"curies":[{"name":"wp","href":"https:\/\/api.w.org\/{rel}","templated":true}]}}