{"id":42701,"date":"2023-09-01T22:58:22","date_gmt":"2023-09-01T22:58:22","guid":{"rendered":"https:\/\/todoapulmon-rafaela.com\/?p=42701"},"modified":"2023-09-01T23:12:03","modified_gmt":"2023-09-01T23:12:03","slug":"el-proyecto-del-parque-regional-y-la-infraestructura-deportiva-esperada","status":"publish","type":"post","link":"https:\/\/todoapulmon-rafaela.com\/index.php\/2023\/09\/01\/el-proyecto-del-parque-regional-y-la-infraestructura-deportiva-esperada\/","title":{"rendered":"El proyecto del Parque Regional y la infraestructura deportiva esperada"},"content":{"rendered":"<p>El proyecto del parque Regional en el sur de nuestra ciudad que fue anunciado en la ma\u00f1ana del viernes por el intendente Luis Castellano, junto a los candidatos a concejales Juan Senn y Mar\u00eda Paz Caruso, busca establecer un espacio verde de escala metropolitana en el sur de Rafaela, como aporte frente al cambio clim\u00e1tico, combinando esparcimiento, actividades deportivas, educaci\u00f3n ambiental y el contacto de los habitantes con la naturaleza.<br \/>\nEl ecoparque estar\u00e1 ubicado en el suroeste de la ciudad, m\u00e1s precisamente detr\u00e1s del campus de la Universidad Nacional de Rafaela.<br \/>\nEl proyecto incluye un lago, de casi 3 hect\u00e1reas dentro de una superficie total del Parque de 60, hace realidad un deseo pendiente rafaelino.<br \/>\nEn cuanto a la parte deportiva, lo m\u00e1s saliente es sin dudas la posibilidad de contar con la ansiada pista sint\u00e9tica de atletismo, sobre la que comenzaron las gestiones hace un par de a\u00f1os.<br \/>\nSobre la cancha de hockey, es la que anunci\u00f3 oportunamente su construcci\u00f3n el Club 9 de Julio, ya que su nuevo predio est\u00e1 dentro de este sector.<br \/>\nLa pista de BMX es otra de las novedades, siendo uno de los deportes urbanos de mayor crecimiento en los \u00faltimos a\u00f1os y la construcci\u00f3n del lago permitir\u00eda la delimitaci\u00f3n de una pista de remo\/canotaje, con lo cual podr\u00eda nuestra ciudad contar con la chance de practicar un deporte acu\u00e1tico.<\/p>\n<p>Tambi\u00e9n se contempla la construcci\u00f3n de canchas de f\u00fatbol 5, voley y b\u00e1squet.<\/p>\n<p><img loading=\"lazy\" decoding=\"async\" class=\"alignnone size-full wp-image-42706\" src=\"https:\/\/todoapulmon-rafaela.com\/wp-content\/uploads\/2023\/09\/Screenshot_20230901-162557_Samsung-Notes-1.jpg\" alt=\"\" width=\"720\" height=\"774\" srcset=\"https:\/\/todoapulmon-rafaela.com\/wp-content\/uploads\/2023\/09\/Screenshot_20230901-162557_Samsung-Notes-1.jpg 720w, https:\/\/todoapulmon-rafaela.com\/wp-content\/uploads\/2023\/09\/Screenshot_20230901-162557_Samsung-Notes-1-279x300.jpg 279w\" sizes=\"(max-width: 720px) 100vw, 720px\" \/>0<\/p>\n<p>&nbsp;<\/p>\n","protected":false},"excerpt":{"rendered":"<p>El proyecto del parque Regional en el sur de nuestra ciudad que fue anunciado en la ma\u00f1ana del viernes por<\/p>\n","protected":false},"author":2,"featured_media":42702,"comment_status":"closed","ping_status":"closed","sticky":false,"template":"","format":"standard","meta":{"footnotes":""},"categories":[24],"tags":[],"class_list":["post-42701","post","type-post","status-publish","format-standard","has-post-thumbnail","hentry","category-noticias-destacadas"],"cc_featured_image_caption":{"caption_text":"","source_text":"","source_url":""},"_links":{"self":[{"href":"https:\/\/todoapulmon-rafaela.com\/index.php\/wp-json\/wp\/v2\/posts\/42701"}],"collection":[{"href":"https:\/\/todoapulmon-rafaela.com\/index.php\/wp-json\/wp\/v2\/posts"}],"about":[{"href":"https:\/\/todoapulmon-rafaela.com\/index.php\/wp-json\/wp\/v2\/types\/post"}],"author":[{"embeddable":true,"href":"https:\/\/todoapulmon-rafaela.com\/index.php\/wp-json\/wp\/v2\/users\/2"}],"replies":[{"embeddable":true,"href":"https:\/\/todoapulmon-rafaela.com\/index.php\/wp-json\/wp\/v2\/comments?post=42701"}],"version-history":[{"count":3,"href":"https:\/\/todoapulmon-rafaela.com\/index.php\/wp-json\/wp\/v2\/posts\/42701\/revisions"}],"predecessor-version":[{"id":42708,"href":"https:\/\/todoapulmon-rafaela.com\/index.php\/wp-json\/wp\/v2\/posts\/42701\/revisions\/42708"}],"wp:featuredmedia":[{"embeddable":true,"href":"https:\/\/todoapulmon-rafaela.com\/index.php\/wp-json\/wp\/v2\/media\/42702"}],"wp:attachment":[{"href":"https:\/\/todoapulmon-rafaela.com\/index.php\/wp-json\/wp\/v2\/media?parent=42701"}],"wp:term":[{"taxonomy":"category","embeddable":true,"href":"https:\/\/todoapulmon-rafaela.com\/index.php\/wp-json\/wp\/v2\/categories?post=42701"},{"taxonomy":"post_tag","embeddable":true,"href":"https:\/\/todoapulmon-rafaela.com\/index.php\/wp-json\/wp\/v2\/tags?post=42701"}],"curies":[{"name":"wp","href":"https:\/\/api.w.org\/{rel}","templated":true}]}}