{"id":42664,"date":"2023-08-31T12:28:44","date_gmt":"2023-08-31T12:28:44","guid":{"rendered":"https:\/\/todoapulmon-rafaela.com\/?p=42664"},"modified":"2023-08-31T12:29:29","modified_gmt":"2023-08-31T12:29:29","slug":"el-mvp-del-super-4-a-la-union-de-formosa","status":"publish","type":"post","link":"https:\/\/todoapulmon-rafaela.com\/index.php\/2023\/08\/31\/el-mvp-del-super-4-a-la-union-de-formosa\/","title":{"rendered":"El MVP del S\u00faper 4 a La Uni\u00f3n de Formosa"},"content":{"rendered":"<p>Como se preve\u00eda, luego de la decisi\u00f3n de Libertad de Sunchales de no participar en la Liga Argentina, Mateo P\u00e9rez seguir\u00e1 su carrera en otro equipo. El perimetral que registra presencias en seleccionados argentinos menores, tendr\u00e1 su segunda experiencia en la Liga Nacional con La Uni\u00f3n de Formosa, ya que con el equipo de Sunchales tuvo la oportunidad de hacer su estreno en la competencia en la temporada 2020\/21 disputando un total de 28 partidos.<\/p>\n<p>Recordemos que en mayo pasado fue el MVP en la final del S\u00faper 4 que le dio a Libertad el t\u00edtulo en el Preparatorio ante Atl\u00e9tico de Rafaela con el triunfo 92 a 79. En ese partido anot\u00f3 34 puntos, luego en el Oficial jug\u00f3 tambi\u00e9n algunos partidos.<\/p>\n<p>El base naci\u00f3 el 17 de julio de 2002 en Granadero Baigorria, Santa Fe, mide 1,92 metro, y en la \u00faltima temporada jug\u00f3 la Liga Argentina con Libertad totalizando 44 encuentros con 7,4 puntos de promedio.<\/p>\n<p>En cuanto a su recorrido, antes de llegar a Libertad -2020-, se inici\u00f3 en Sportivo Paganini Alumni de Granadero Baigorria, pas\u00f3 por N\u00e1utico Avellaneda de Rosario y visti\u00f3 las camisetas de Gimnasia de Pergamino y Pergamino B\u00e1squet entre 2018\/19 en el Torneo Federal. Vino el salto al club de Sunchales donde se desempe\u00f1\u00f3 en las dos \u00faltimas temporadas en la Liga Argentina.<\/p>\n<p><img loading=\"lazy\" decoding=\"async\" class=\"alignnone size-full wp-image-42666\" src=\"https:\/\/todoapulmon-rafaela.com\/wp-content\/uploads\/2023\/08\/Mateo-Perez-1.jpg\" alt=\"\" width=\"1920\" height=\"1080\" srcset=\"https:\/\/todoapulmon-rafaela.com\/wp-content\/uploads\/2023\/08\/Mateo-Perez-1.jpg 1920w, https:\/\/todoapulmon-rafaela.com\/wp-content\/uploads\/2023\/08\/Mateo-Perez-1-300x169.jpg 300w, https:\/\/todoapulmon-rafaela.com\/wp-content\/uploads\/2023\/08\/Mateo-Perez-1-1536x864.jpg 1536w\" sizes=\"(max-width: 1920px) 100vw, 1920px\" \/><\/p>\n<p>Como se marc\u00f3, particip\u00f3 de competencias internacionales con seleccionados menores de Argentina. En el 2019 en el Sudamericano U17 en Chile y en 2021 en el Mundial U19 en Letonia.<\/p>\n","protected":false},"excerpt":{"rendered":"<p>Como se preve\u00eda, luego de la decisi\u00f3n de Libertad de Sunchales de no participar en la Liga Argentina, Mateo P\u00e9rez<\/p>\n","protected":false},"author":2,"featured_media":42665,"comment_status":"closed","ping_status":"closed","sticky":false,"template":"","format":"standard","meta":{"footnotes":""},"categories":[5,24],"tags":[],"class_list":["post-42664","post","type-post","status-publish","format-standard","has-post-thumbnail","hentry","category-basquet","category-noticias-destacadas"],"cc_featured_image_caption":{"caption_text":"","source_text":"","source_url":""},"_links":{"self":[{"href":"https:\/\/todoapulmon-rafaela.com\/index.php\/wp-json\/wp\/v2\/posts\/42664"}],"collection":[{"href":"https:\/\/todoapulmon-rafaela.com\/index.php\/wp-json\/wp\/v2\/posts"}],"about":[{"href":"https:\/\/todoapulmon-rafaela.com\/index.php\/wp-json\/wp\/v2\/types\/post"}],"author":[{"embeddable":true,"href":"https:\/\/todoapulmon-rafaela.com\/index.php\/wp-json\/wp\/v2\/users\/2"}],"replies":[{"embeddable":true,"href":"https:\/\/todoapulmon-rafaela.com\/index.php\/wp-json\/wp\/v2\/comments?post=42664"}],"version-history":[{"count":2,"href":"https:\/\/todoapulmon-rafaela.com\/index.php\/wp-json\/wp\/v2\/posts\/42664\/revisions"}],"predecessor-version":[{"id":42668,"href":"https:\/\/todoapulmon-rafaela.com\/index.php\/wp-json\/wp\/v2\/posts\/42664\/revisions\/42668"}],"wp:featuredmedia":[{"embeddable":true,"href":"https:\/\/todoapulmon-rafaela.com\/index.php\/wp-json\/wp\/v2\/media\/42665"}],"wp:attachment":[{"href":"https:\/\/todoapulmon-rafaela.com\/index.php\/wp-json\/wp\/v2\/media?parent=42664"}],"wp:term":[{"taxonomy":"category","embeddable":true,"href":"https:\/\/todoapulmon-rafaela.com\/index.php\/wp-json\/wp\/v2\/categories?post=42664"},{"taxonomy":"post_tag","embeddable":true,"href":"https:\/\/todoapulmon-rafaela.com\/index.php\/wp-json\/wp\/v2\/tags?post=42664"}],"curies":[{"name":"wp","href":"https:\/\/api.w.org\/{rel}","templated":true}]}}