{"id":42593,"date":"2023-08-28T13:40:08","date_gmt":"2023-08-28T13:40:08","guid":{"rendered":"https:\/\/todoapulmon-rafaela.com\/?p=42593"},"modified":"2023-08-28T13:40:08","modified_gmt":"2023-08-28T13:40:08","slug":"buena-performance-de-lucia-gonzalez-en-el-selectivo-para-los-panamericanos","status":"publish","type":"post","link":"https:\/\/todoapulmon-rafaela.com\/index.php\/2023\/08\/28\/buena-performance-de-lucia-gonzalez-en-el-selectivo-para-los-panamericanos\/","title":{"rendered":"Buena performance de Luc\u00eda Gonz\u00e1lez en el Selectivo para los Panamericanos"},"content":{"rendered":"<p>Durante los \u00faltimos d\u00edas se desarroll\u00f3 en el CENARD el segundo selectivo de la Confederaci\u00f3n Argentina de Gimnasia Art\u00edstica para conformar el seleccionado de Mayores que intervendr\u00e1 en los Juegos Panamericanos, previstos en Santiago de Chile.<\/p>\n<p>En el torneo cumpli\u00f3 una meritoria performance la gimnasta Luc\u00eda Gonz\u00e1lez. La deportista entrenada por V\u00edctor Ingaramo en CREAR Club finaliz\u00f3 en la sexta posici\u00f3n luego de estos dos Selectivos, en los que fue cuarta y s\u00e9ptima, respectivamente.<\/p>\n<p><img loading=\"lazy\" decoding=\"async\" class=\"alignnone size-full wp-image-42595\" src=\"https:\/\/todoapulmon-rafaela.com\/wp-content\/uploads\/2023\/08\/Selectivo-panamericanos.jpg\" alt=\"\" width=\"1600\" height=\"1200\" srcset=\"https:\/\/todoapulmon-rafaela.com\/wp-content\/uploads\/2023\/08\/Selectivo-panamericanos.jpg 1600w, https:\/\/todoapulmon-rafaela.com\/wp-content\/uploads\/2023\/08\/Selectivo-panamericanos-300x225.jpg 300w, https:\/\/todoapulmon-rafaela.com\/wp-content\/uploads\/2023\/08\/Selectivo-panamericanos-1536x1152.jpg 1536w\" sizes=\"(max-width: 1600px) 100vw, 1600px\" \/><\/p>\n<p>Cabe acotar que el equipo nacional se conform\u00f3 con cinco gimnastas, pero tres ya estaban definidas de antemano por su participaci\u00f3n en el Mundial, con lo que solamente se resolv\u00edan dos lugares. El seleccionado qued\u00f3 conformado por: Meline Mesropian, Nicole Iribarne, Lucila Estarli, Milagros Curti Ruiz y Leila Martinez.<\/p>\n<p>No obstante, para Luc\u00eda fue un buen torneo estando entre las mejores exponentes de la gimnasia art\u00edstica femenina nacional.<\/p>\n","protected":false},"excerpt":{"rendered":"<p>Durante los \u00faltimos d\u00edas se desarroll\u00f3 en el CENARD el segundo selectivo de la Confederaci\u00f3n Argentina de Gimnasia Art\u00edstica para<\/p>\n","protected":false},"author":2,"featured_media":42594,"comment_status":"closed","ping_status":"closed","sticky":false,"template":"","format":"standard","meta":{"footnotes":""},"categories":[24],"tags":[],"class_list":["post-42593","post","type-post","status-publish","format-standard","has-post-thumbnail","hentry","category-noticias-destacadas"],"cc_featured_image_caption":{"caption_text":"Luc\u00eda y el entrenador V\u00edctor Ingaramo (foto CREAR Club).","source_text":"","source_url":""},"_links":{"self":[{"href":"https:\/\/todoapulmon-rafaela.com\/index.php\/wp-json\/wp\/v2\/posts\/42593"}],"collection":[{"href":"https:\/\/todoapulmon-rafaela.com\/index.php\/wp-json\/wp\/v2\/posts"}],"about":[{"href":"https:\/\/todoapulmon-rafaela.com\/index.php\/wp-json\/wp\/v2\/types\/post"}],"author":[{"embeddable":true,"href":"https:\/\/todoapulmon-rafaela.com\/index.php\/wp-json\/wp\/v2\/users\/2"}],"replies":[{"embeddable":true,"href":"https:\/\/todoapulmon-rafaela.com\/index.php\/wp-json\/wp\/v2\/comments?post=42593"}],"version-history":[{"count":1,"href":"https:\/\/todoapulmon-rafaela.com\/index.php\/wp-json\/wp\/v2\/posts\/42593\/revisions"}],"predecessor-version":[{"id":42596,"href":"https:\/\/todoapulmon-rafaela.com\/index.php\/wp-json\/wp\/v2\/posts\/42593\/revisions\/42596"}],"wp:featuredmedia":[{"embeddable":true,"href":"https:\/\/todoapulmon-rafaela.com\/index.php\/wp-json\/wp\/v2\/media\/42594"}],"wp:attachment":[{"href":"https:\/\/todoapulmon-rafaela.com\/index.php\/wp-json\/wp\/v2\/media?parent=42593"}],"wp:term":[{"taxonomy":"category","embeddable":true,"href":"https:\/\/todoapulmon-rafaela.com\/index.php\/wp-json\/wp\/v2\/categories?post=42593"},{"taxonomy":"post_tag","embeddable":true,"href":"https:\/\/todoapulmon-rafaela.com\/index.php\/wp-json\/wp\/v2\/tags?post=42593"}],"curies":[{"name":"wp","href":"https:\/\/api.w.org\/{rel}","templated":true}]}}