{"id":42581,"date":"2023-08-28T11:42:51","date_gmt":"2023-08-28T11:42:51","guid":{"rendered":"https:\/\/todoapulmon-rafaela.com\/?p=42581"},"modified":"2023-08-28T11:42:51","modified_gmt":"2023-08-28T11:42:51","slug":"dolor-por-el-fallecimiento-de-un-juvenil-deportista-de-atletico","status":"publish","type":"post","link":"https:\/\/todoapulmon-rafaela.com\/index.php\/2023\/08\/28\/dolor-por-el-fallecimiento-de-un-juvenil-deportista-de-atletico\/","title":{"rendered":"Dolor por el fallecimiento de un juvenil deportista de Atl\u00e9tico"},"content":{"rendered":"<p>En la jornada del domingo se conoci\u00f3 la triste noticia del fallecimiento de Ignacio Emmert, un juvenil pelotari de Atl\u00e9tico de Rafaela. Durante este a\u00f1o, Ignacio -de 16 a\u00f1os y categor\u00eda cadete- hab\u00eda logrado importantes resultados, como el primer puesto en el torneo Amistad jugado en abril en Los Quirquinchos junto a Mateo Montoya.<\/p>\n<p>Siendo uno de los valores surgidos de la Escuelita de Pelota Paleta del Front\u00f3n ubicado en el aut\u00f3domo, tambi\u00e9n hab\u00eda sido tercero junto a Claudio Mansilla en el Clasificatorio de Quinta Categor\u00eda jugado en junio en Rosario.<\/p>\n<p>\u00abEl Consejo Directivo y toda la comunidad Celeste lamentan el fallecimiento de Ignacio Emmert, deportista de nuestra instituci\u00f3n. Acompa\u00f1amos a toda su familia en este doloroso momento, en particular a Cristian, presidente de la Subcomisi\u00f3n de Pelota Paleta\u00bb, inform\u00f3 anoche la instituci\u00f3n en sus redes sociales, acotando adem\u00e1s que el Colegio Nacional -donde era alumno de tercer a\u00f1o- se sum\u00f3 al duelo con el no dictado de clases en la jornada.<\/p>\n","protected":false},"excerpt":{"rendered":"<p>En la jornada del domingo se conoci\u00f3 la triste noticia del fallecimiento de Ignacio Emmert, un juvenil pelotari de Atl\u00e9tico<\/p>\n","protected":false},"author":2,"featured_media":42582,"comment_status":"closed","ping_status":"closed","sticky":false,"template":"","format":"standard","meta":{"footnotes":""},"categories":[24],"tags":[],"class_list":["post-42581","post","type-post","status-publish","format-standard","has-post-thumbnail","hentry","category-noticias-destacadas"],"cc_featured_image_caption":{"caption_text":"","source_text":"","source_url":""},"_links":{"self":[{"href":"https:\/\/todoapulmon-rafaela.com\/index.php\/wp-json\/wp\/v2\/posts\/42581"}],"collection":[{"href":"https:\/\/todoapulmon-rafaela.com\/index.php\/wp-json\/wp\/v2\/posts"}],"about":[{"href":"https:\/\/todoapulmon-rafaela.com\/index.php\/wp-json\/wp\/v2\/types\/post"}],"author":[{"embeddable":true,"href":"https:\/\/todoapulmon-rafaela.com\/index.php\/wp-json\/wp\/v2\/users\/2"}],"replies":[{"embeddable":true,"href":"https:\/\/todoapulmon-rafaela.com\/index.php\/wp-json\/wp\/v2\/comments?post=42581"}],"version-history":[{"count":1,"href":"https:\/\/todoapulmon-rafaela.com\/index.php\/wp-json\/wp\/v2\/posts\/42581\/revisions"}],"predecessor-version":[{"id":42583,"href":"https:\/\/todoapulmon-rafaela.com\/index.php\/wp-json\/wp\/v2\/posts\/42581\/revisions\/42583"}],"wp:featuredmedia":[{"embeddable":true,"href":"https:\/\/todoapulmon-rafaela.com\/index.php\/wp-json\/wp\/v2\/media\/42582"}],"wp:attachment":[{"href":"https:\/\/todoapulmon-rafaela.com\/index.php\/wp-json\/wp\/v2\/media?parent=42581"}],"wp:term":[{"taxonomy":"category","embeddable":true,"href":"https:\/\/todoapulmon-rafaela.com\/index.php\/wp-json\/wp\/v2\/categories?post=42581"},{"taxonomy":"post_tag","embeddable":true,"href":"https:\/\/todoapulmon-rafaela.com\/index.php\/wp-json\/wp\/v2\/tags?post=42581"}],"curies":[{"name":"wp","href":"https:\/\/api.w.org\/{rel}","templated":true}]}}