{"id":42572,"date":"2023-08-28T01:53:44","date_gmt":"2023-08-28T01:53:44","guid":{"rendered":"https:\/\/todoapulmon-rafaela.com\/?p=42572"},"modified":"2023-08-28T01:53:44","modified_gmt":"2023-08-28T01:53:44","slug":"atletico-vencio-al-cai-y-sigue-puntero","status":"publish","type":"post","link":"https:\/\/todoapulmon-rafaela.com\/index.php\/2023\/08\/28\/atletico-vencio-al-cai-y-sigue-puntero\/","title":{"rendered":"Atl\u00e9tico venci\u00f3 al CAI y sigue puntero"},"content":{"rendered":"<p>Atl\u00e9tico de Rafaela le gan\u00f3 este domingo como visitante a Independiente por 67 a 60 en la continuidad de la d\u00e9cima fecha del torneo Oficial de Primera Divisi\u00f3n de la ARB. Los parciales fueron: 12-28, 27-39 y 44-55.<br \/>\nDe esta manera, el elenco dirigido por Javier Maretto contin\u00faa al frente de la tabla de posiciones. Ian Scavino, con 19 puntos, Manuel Dalmazzo con 15 y Francisco Cantalejo con 11 fueron los principales anotadores celestes, en tanto que Bruno Fagnola se destac\u00f3 con 21 en el local.<br \/>\nCabe acotar que fue el \u00faltimo partido del base cremoso Valent\u00edn Vasquez, que continuar\u00e1 su carrera en Central de Ceres, mientras que regres\u00f3 a la Crema el pivot Luciano Volta, anotando 4 puntos.<br \/>\nLa fecha seguir\u00e1 este lunes, desde las 21.30, con el partido a jugarse en el Hogar de los Tigres entre Libertad de Sunchales y 9 de Julio, mientras que el martes en el mismo horario completar\u00e1n en la Fortaleza del Bicho, Uni\u00f3n y Ben Hur.<\/p>\n","protected":false},"excerpt":{"rendered":"<p>Atl\u00e9tico de Rafaela le gan\u00f3 este domingo como visitante a Independiente por 67 a 60 en la continuidad de la<\/p>\n","protected":false},"author":2,"featured_media":42573,"comment_status":"closed","ping_status":"closed","sticky":false,"template":"","format":"standard","meta":{"footnotes":""},"categories":[5,24],"tags":[],"class_list":["post-42572","post","type-post","status-publish","format-standard","has-post-thumbnail","hentry","category-basquet","category-noticias-destacadas"],"cc_featured_image_caption":{"caption_text":"Valentin Vasquez seguir\u00e1 su carrera en Central Ol\u00edmpico de Ceres (foto prensa Atl\u00e9tico).","source_text":"","source_url":""},"_links":{"self":[{"href":"https:\/\/todoapulmon-rafaela.com\/index.php\/wp-json\/wp\/v2\/posts\/42572"}],"collection":[{"href":"https:\/\/todoapulmon-rafaela.com\/index.php\/wp-json\/wp\/v2\/posts"}],"about":[{"href":"https:\/\/todoapulmon-rafaela.com\/index.php\/wp-json\/wp\/v2\/types\/post"}],"author":[{"embeddable":true,"href":"https:\/\/todoapulmon-rafaela.com\/index.php\/wp-json\/wp\/v2\/users\/2"}],"replies":[{"embeddable":true,"href":"https:\/\/todoapulmon-rafaela.com\/index.php\/wp-json\/wp\/v2\/comments?post=42572"}],"version-history":[{"count":1,"href":"https:\/\/todoapulmon-rafaela.com\/index.php\/wp-json\/wp\/v2\/posts\/42572\/revisions"}],"predecessor-version":[{"id":42574,"href":"https:\/\/todoapulmon-rafaela.com\/index.php\/wp-json\/wp\/v2\/posts\/42572\/revisions\/42574"}],"wp:featuredmedia":[{"embeddable":true,"href":"https:\/\/todoapulmon-rafaela.com\/index.php\/wp-json\/wp\/v2\/media\/42573"}],"wp:attachment":[{"href":"https:\/\/todoapulmon-rafaela.com\/index.php\/wp-json\/wp\/v2\/media?parent=42572"}],"wp:term":[{"taxonomy":"category","embeddable":true,"href":"https:\/\/todoapulmon-rafaela.com\/index.php\/wp-json\/wp\/v2\/categories?post=42572"},{"taxonomy":"post_tag","embeddable":true,"href":"https:\/\/todoapulmon-rafaela.com\/index.php\/wp-json\/wp\/v2\/tags?post=42572"}],"curies":[{"name":"wp","href":"https:\/\/api.w.org\/{rel}","templated":true}]}}