{"id":42456,"date":"2023-08-24T17:49:15","date_gmt":"2023-08-24T17:49:15","guid":{"rendered":"https:\/\/todoapulmon-rafaela.com\/?p=42456"},"modified":"2023-08-24T17:49:15","modified_gmt":"2023-08-24T17:49:15","slug":"rubiolo-titular-y-vivas-al-banco-en-el-amistoso-ante-espana","status":"publish","type":"post","link":"https:\/\/todoapulmon-rafaela.com\/index.php\/2023\/08\/24\/rubiolo-titular-y-vivas-al-banco-en-el-amistoso-ante-espana\/","title":{"rendered":"Rubiolo titular y Vivas al banco en el amistoso ante Espa\u00f1a"},"content":{"rendered":"<p>Michael Cheika, head coach de Los Pumas, dio a conocer la formaci\u00f3n para el test de este s\u00e1bado frente a Los Leones de Espa\u00f1a en el C\u00edvitas Metropolitano, y all\u00ed estar\u00e1 como titular Pedro Rubiolo en la segunda l\u00ednea, mientras que Mayco Vivas ser\u00e1 uno de los suplentes. El partido en el estadio donde juega sus partidos como local Atl\u00e9tico de Madrid se iniciar\u00e1 a las 15.45 y marcar\u00e1 la despedida de Argentina rumbo a la Copa del Mundo de Francia.<\/p>\n<p>Para el compromiso en la capital espa\u00f1ola, el conjunto argentino presentar\u00e1 varias novedades, con una formaci\u00f3n bastante renovada. En esta funci\u00f3n se producir\u00e1 la reaparici\u00f3n de Tom\u00e1s Cubelli, que cumplir\u00e1 la funci\u00f3n de capit\u00e1n y que no viste la camiseta nacional desde el 24 de septiembre de 2022 frente a Sud\u00e1frica, en Durban.<\/p>\n<p>Cumplida la sanci\u00f3n disciplinaria, tambi\u00e9n regresar\u00e1 el tercera l\u00ednea Marcos Kremer, cuya \u00faltima actuaci\u00f3n fue el 19 de noviembre de 2022 ante Escocia, en Edimburgo; lo mismo suceder\u00e1 con el cordob\u00e9s Juan Cruz Mall\u00eda, recientemente suspendido (tras el encuentro con los Springboks en Johannesburgo). A su vez, Nicol\u00e1s S\u00e1nchez aparecer\u00e1 nuevamente como apertura titular, mientras que el segunda l\u00ednea cordob\u00e9s Mat\u00edas Alemanno, ausente en los \u00faltimos dos compromisos por una lesi\u00f3n en una rodilla, ya se recuper\u00f3 y est\u00e1 disponible.<\/p>\n<p>Recordemos que Mayco Vivas y Lucio Sordoni fueron convocados luego de la lesi\u00f3n de Nahuel Tetaz Chaparro, y en los pr\u00f3ximos d\u00edas se conocer\u00e1 el elegido por Cheika para ir al Mundial.<\/p>\n<p>Como \u00e1rbitro se desempe\u00f1ar\u00e1 el irland\u00e9s Andrew Brace, y la siguiente ser\u00e1 la alineaci\u00f3n de Los Pumas para el test-match ante Espa\u00f1a:<\/p>\n<p>1.\u00a0<strong>SCLAVI<\/strong>, Joel\u00a0<em>(11 caps)<\/em><\/p>\n<p>2.\u00a0<strong>CREEVY<\/strong>, Agust\u00edn\u00a0<em>(100 caps)<\/em><\/p>\n<p>3.\u00a0<strong>BELLO<\/strong>, Eduardo\u00a0<em>(13 caps)<\/em><\/p>\n<p>4.\u00a0<strong>PETTI,<\/strong>\u00a0Guido\u00a0<em>(74 caps)<\/em><\/p>\n<p>5.\u00a0<strong>RUBIOLO<\/strong>, Pedro\u00a0<em>(4 caps)<\/em><\/p>\n<p>6.\u00a0<strong>BRUNI<\/strong>, Rodrigo\u00a0<em>(20 caps)<\/em><\/p>\n<p>7.\u00a0<strong>KREMER<\/strong>, Marcos\u00a0<em>(56 caps)<\/em><\/p>\n<p>8.\u00a0<strong>ISA<\/strong>, Facundo\u00a0<em>(46 caps)<\/em><\/p>\n<p>9.\u00a0<strong>CUBELLI<\/strong>, Tom\u00e1s (capit\u00e1n;\u00a0<em>88 caps)<\/em><\/p>\n<p>10.\u00a0<strong>S\u00c1NCHEZ<\/strong>, Nicol\u00e1s\u00a0<em>(97 caps)<\/em><\/p>\n<p>11.\u00a0<strong>CARRERAS<\/strong>, Mateo\u00a0<em>(10 caps)<\/em><\/p>\n<p>12.\u00a0<strong>CHOCOBARES<\/strong>, Santiago\u00a0<em>(13 caps)<\/em><\/p>\n<p>13.\u00a0<strong>MORONI<\/strong>, Mat\u00edas\u00a0<em>(73 caps)<\/em><\/p>\n<p>14.\u00a0<strong>ISGR\u00d3<\/strong>, Rodrigo\u00a0<em>(1 cap)<\/em><\/p>\n<p>15.\u00a0<strong>MALL\u00cdA<\/strong>, Juan Cruz\u00a0<em>(25 caps)<\/em><\/p>\n<p><strong><u>SUPLENTES:<\/u><\/strong><\/p>\n<p>16.\u00a0<strong>RUIZ<\/strong>, Ignacio\u00a0<em>(5 caps)<\/em><\/p>\n<p>17.\u00a0<strong>VIVAS<\/strong>, Mayco\u00a0<em>(18 caps)<\/em><\/p>\n<p>18.\u00a0<strong>SORDONI<\/strong>, Lucio\u00a0<em>(4 caps)<\/em><\/p>\n<p>19.\u00a0<strong>ALEMANNO<\/strong>, Mat\u00edas\u00a0<em>(86 caps)<\/em><\/p>\n<p>20.\u00a0<strong>GRONDONA<\/strong>, Santiago\u00a0<em>(14 caps)<\/em><\/p>\n<p>21.\u00a0<strong>BAZ\u00c1N V\u00c9LEZ<\/strong>, Lautaro\u00a0<em>(6 caps)<\/em><\/p>\n<p>22.\u00a0<strong>DE LA FUENTE<\/strong>, Jer\u00f3nimo\u00a0<em>(75 caps)<\/em><\/p>\n<p>23.\u00a0<strong>BOGADO<\/strong>, Mart\u00edn\u00a0<em>(1 cap)<\/em><\/p>\n<p><strong><u>ESPA\u00d1A, CON APORTE ARGENTINO<\/u><\/strong><\/p>\n<p>El duelo entre la Argentina y Los Leones, bautizado como \u201cThe Match\u201d, es el primer acto de las celebraciones previstas por el Centenario de la Federaci\u00f3n Espa\u00f1ola. Miguel Velasco es el head coach del seleccionado espa\u00f1ol, y tiene como entrenador asistente al platense Valent\u00edn \u201cTatana\u201d Telleriarte (ex capit\u00e1n de La Plata Rugby Club entre 2004 y 2008). El plantel ib\u00e9rico est\u00e1 concentrado desde el 12 de agosto en la localidad de Guadalajara, y entre los convocados para este encuentro con Los Pumas hay varios jugadores con ra\u00edces argentina; seis de ellos estar\u00e1n en la formaci\u00f3n inicial, y otros dos estar\u00e1n como reservas.<\/p>\n<p>El capit\u00e1n es el back bahiense Federico Casteglioni, surgido en Club Argentino, mientras que tambi\u00e9n ser\u00e1n titulares el octavo Facundo Dom\u00ednguez (de Olivos RC y que jug\u00f3 con Los Pumitas el Mundial 2016), el medio-scrum santafecino Estanislao Bay (formado en CRAI), los centros Gonzalo L\u00f3pez Bontempo ((naci\u00f3 en nuestro pa\u00eds, pero se inici\u00f3 en Rugby Alcal\u00e1) e I\u00f1aki Mateu (naci\u00f3 en Tucum\u00e1n, pero se form\u00f3 en Alcobendas) y el wing paranaense Martiniano Cian (de Club Tilcara).<\/p>\n<p><img loading=\"lazy\" decoding=\"async\" class=\"alignnone size-full wp-image-42458\" src=\"https:\/\/todoapulmon-rafaela.com\/wp-content\/uploads\/2023\/08\/Mayco-Pumas.jpg\" alt=\"\" width=\"1638\" height=\"2048\" srcset=\"https:\/\/todoapulmon-rafaela.com\/wp-content\/uploads\/2023\/08\/Mayco-Pumas.jpg 1638w, https:\/\/todoapulmon-rafaela.com\/wp-content\/uploads\/2023\/08\/Mayco-Pumas-240x300.jpg 240w, https:\/\/todoapulmon-rafaela.com\/wp-content\/uploads\/2023\/08\/Mayco-Pumas-1200x1500.jpg 1200w, https:\/\/todoapulmon-rafaela.com\/wp-content\/uploads\/2023\/08\/Mayco-Pumas-1229x1536.jpg 1229w\" sizes=\"(max-width: 1638px) 100vw, 1638px\" \/><\/p>\n<p>Como suplentes se ubicar\u00e1n el hooker Santiago Ovejero (de Tucum\u00e1n Rugby y que juega en Stade Ni\u00e7ois, del Federale 1 franc\u00e9s) y el apertura Bautista G\u00fcemes (CUBA). Sobre G\u00fcemes se puede decir que, luego de seis temporadas en Barcelona acaba de incorporarse al club valenciano Les Abelles, fue campe\u00f3n con CUBA del Top 12 de la URBA de 2013 junto con Mat\u00edas Moroni.<\/p>\n<p>No fueron incluidos dentro de los 23, aunque s\u00ed participaron de la preparaci\u00f3n previa a este partido: Joaqu\u00edn Dom\u00ednguez (pilar del CASI) y el apertura Santiago Ortega (empez\u00f3 en Deportiva Francesa y luego pas\u00f3 por el CASI).<\/p>\n<p>La formaci\u00f3n de Los Leones para el choque con Los Pumas ser\u00e1 as\u00cd:<\/p>\n<p>1.\u00a0<strong>FUTEAU<\/strong>, Thierry<\/p>\n<p>2.\u00a0<strong>MIEJIMOLLE<\/strong>, Pablo<\/p>\n<p>3.\u00a0<strong>ABOITIZ<\/strong>, Bittor<\/p>\n<p>4.\u00a0<strong>GUILLAUME<\/strong>, Lucas<\/p>\n<p>5.\u00a0<strong>SU\u00c1REZ<\/strong>, Alejandro<\/p>\n<p>6.\u00a0<strong>FOULDS<\/strong>, Matt<\/p>\n<p>7.\u00a0<strong>PICHARDIE<\/strong>, Mario<\/p>\n<p>8.\u00a0<strong>DOM\u00cdNGUEZ<\/strong>, Facundo<\/p>\n<p>9.\u00a0<strong>BAY<\/strong>, Estanislao<\/p>\n<p>10.\u00a0<strong>VINUESA<\/strong>, Gonzalo Vinuesa<\/p>\n<p>11.\u00a0<strong>CASTEGLIONI<\/strong>, Federico (capit\u00e1n)<\/p>\n<p>12.\u00a0<strong>L\u00d3PEZ BONTEMPO<\/strong>, Gonzalo<\/p>\n<p>13.\u00a0<strong>MATEU<\/strong>, I\u00f1aki<\/p>\n<p>14.\u00a0<strong>CIAN<\/strong>, Martiniano<\/p>\n<p>15.\u00a0<strong>BELL<\/strong>, John-Wessel<\/p>\n<p><strong><u>SUPLENTES:<\/u><\/strong><\/p>\n<p>16.\u00a0<strong>OVEJERO<\/strong>, Santiago<\/p>\n<p>17.\u00a0<strong>CALZ\u00d3N<\/strong>, Ra\u00fal<\/p>\n<p>18.\u00a0<strong>SANTAMAR\u00cdA<\/strong>, Lucas<\/p>\n<p>19.\u00a0<strong>NIETO<\/strong>, Raphael<\/p>\n<p>20.\u00a0<strong>S\u00c1NCHEZ<\/strong>, V\u00edctor<\/p>\n<p>21.\u00a0<strong>IRUSTA<\/strong>, Ike<\/p>\n<p>22.\u00a0<strong>G\u00dcEMES<\/strong>, Bautista<\/p>\n<p>23.\u00a0<strong>JORB\u00c1<\/strong>, Jordi<\/p>\n<p>En lo que va de la temporada, Los Leones disputaron cinco partidos (cosech\u00f3 dos \u00e9xitos y tres derrotas), y en su \u00faltima actuaci\u00f3n perdieron en Badajoz frente a Rumania por 31-25, en el duelo por el tercer puesto del Rugby Europe Championship. Antes de ese compromiso, el equipo ib\u00e9rico cay\u00f3 en las semifinales frente a Portugal (27-10). En la etapa clasificatoria de dicho torneo, el seleccionado espa\u00f1ol super\u00f3 a Holanda y Alemania, y perdi\u00f3 con Georgia. En la temporada anterior (2022), Espa\u00f1a finaliz\u00f3 en el segundo lugar del Rugby Europe Championship, detr\u00e1s de Georgia.<\/p>\n<p>Info: prensa UAR.<\/p>\n","protected":false},"excerpt":{"rendered":"<p>Michael Cheika, head coach de Los Pumas, dio a conocer la formaci\u00f3n para el test de este s\u00e1bado frente a<\/p>\n","protected":false},"author":2,"featured_media":42457,"comment_status":"closed","ping_status":"closed","sticky":false,"template":"","format":"standard","meta":{"footnotes":""},"categories":[24,2],"tags":[],"class_list":["post-42456","post","type-post","status-publish","format-standard","has-post-thumbnail","hentry","category-noticias-destacadas","category-rugby"],"cc_featured_image_caption":{"caption_text":"Rubiolo estar\u00e1 en la segunda l\u00ednea junto a Guido Petti.","source_text":"","source_url":""},"_links":{"self":[{"href":"https:\/\/todoapulmon-rafaela.com\/index.php\/wp-json\/wp\/v2\/posts\/42456"}],"collection":[{"href":"https:\/\/todoapulmon-rafaela.com\/index.php\/wp-json\/wp\/v2\/posts"}],"about":[{"href":"https:\/\/todoapulmon-rafaela.com\/index.php\/wp-json\/wp\/v2\/types\/post"}],"author":[{"embeddable":true,"href":"https:\/\/todoapulmon-rafaela.com\/index.php\/wp-json\/wp\/v2\/users\/2"}],"replies":[{"embeddable":true,"href":"https:\/\/todoapulmon-rafaela.com\/index.php\/wp-json\/wp\/v2\/comments?post=42456"}],"version-history":[{"count":1,"href":"https:\/\/todoapulmon-rafaela.com\/index.php\/wp-json\/wp\/v2\/posts\/42456\/revisions"}],"predecessor-version":[{"id":42459,"href":"https:\/\/todoapulmon-rafaela.com\/index.php\/wp-json\/wp\/v2\/posts\/42456\/revisions\/42459"}],"wp:featuredmedia":[{"embeddable":true,"href":"https:\/\/todoapulmon-rafaela.com\/index.php\/wp-json\/wp\/v2\/media\/42457"}],"wp:attachment":[{"href":"https:\/\/todoapulmon-rafaela.com\/index.php\/wp-json\/wp\/v2\/media?parent=42456"}],"wp:term":[{"taxonomy":"category","embeddable":true,"href":"https:\/\/todoapulmon-rafaela.com\/index.php\/wp-json\/wp\/v2\/categories?post=42456"},{"taxonomy":"post_tag","embeddable":true,"href":"https:\/\/todoapulmon-rafaela.com\/index.php\/wp-json\/wp\/v2\/tags?post=42456"}],"curies":[{"name":"wp","href":"https:\/\/api.w.org\/{rel}","templated":true}]}}