{"id":42441,"date":"2023-08-24T13:45:02","date_gmt":"2023-08-24T13:45:02","guid":{"rendered":"https:\/\/todoapulmon-rafaela.com\/?p=42441"},"modified":"2023-08-24T13:49:52","modified_gmt":"2023-08-24T13:49:52","slug":"el-atletismo-me-enseno-muchas-cosas","status":"publish","type":"post","link":"https:\/\/todoapulmon-rafaela.com\/index.php\/2023\/08\/24\/el-atletismo-me-enseno-muchas-cosas\/","title":{"rendered":"\u00abEl atletismo me ense\u00f1\u00f3 muchas cosas\u00bb"},"content":{"rendered":"<p>Durante varios a\u00f1os Sof\u00eda Kloster fue la referencia de la marcha atl\u00e9tica argentina a nivel femenino y la prueba contundente fueron sus casi 20 campeonatos a nivel nacional entre todas las categor\u00edas, a lo largo de una d\u00e9cada de carrera.<\/p>\n<p>Pero los ciclos de la vida y las realidades del deporte obligan a tomar decisiones. El Nacional realizado el a\u00f1o pasado en Concepci\u00f3n del Uruguay, en abril, donde fue subcampeona, fue la \u00faltima competencia de la marchista rafaelina.<\/p>\n<p>\u00abHoy -con 27 a\u00f1os- ya por motivos laborales y lo que implica la disciplina de marcha por los tiempos de entrenamientos y descansos, no es viable. Tambi\u00e9n por lo que involucra en el punto de vista econ\u00f3mico, de viajes, indumentaria y todo lo que conocemos sobre el deporte amateur. Por eso decid\u00ed abocarme al \u00e1mbito laboral\u00bb, explic\u00f3 la ahora kinesi\u00f3loga Sofi.<\/p>\n<p>La decisi\u00f3n l\u00f3gicamente no fue f\u00e1cil, sobre todo porque \u00abel atletismo fue una de las cosas mas importantes que me pas\u00f3, me ense\u00f1\u00f3 muchas cosas, me permiti\u00f3 a conocer mucha gente y eso te queda como un lindo recuerdo\u00bb, acot\u00f3.<\/p>\n<p>En cuanto a su presente laboral, mencion\u00f3 que \u00abactualmente estoy trabajando m\u00e1s en el \u00e1rea de traumatolog\u00eda, en conjunto con Ariel Magallanes, Roc\u00edo Donnet y el grupo de Runnea con las nenas que est\u00e1n inici\u00e1ndose tambi\u00e9n en el atletismo, constantemente trabajando sobre la prevenci\u00f3n de lesiones, o en el caso que las tuvieran para que ellas puedan seguir participando y compitiendo en sus compromisos, sobre todo ahora que vienen los Evita\u00bb.<\/p>\n<p><img loading=\"lazy\" decoding=\"async\" class=\"alignnone size-full wp-image-42449\" src=\"https:\/\/todoapulmon-rafaela.com\/wp-content\/uploads\/2023\/08\/Kloster-Nacional-2020.png\" alt=\"\" width=\"720\" height=\"884\" srcset=\"https:\/\/todoapulmon-rafaela.com\/wp-content\/uploads\/2023\/08\/Kloster-Nacional-2020.png 720w, https:\/\/todoapulmon-rafaela.com\/wp-content\/uploads\/2023\/08\/Kloster-Nacional-2020-244x300.png 244w\" sizes=\"(max-width: 720px) 100vw, 720px\" \/><\/p>\n<p>Su pasado como deportista le permite comprender con m\u00e1s facilidad a sus pacientes deportistas y en ese aspecto se\u00f1al\u00f3 que \u00absi, uno puede entender y dimensionar un poco m\u00e1s lo que se percibe a nivel corporal, las sensaciones que se tienen y tambi\u00e9n un poco las ansiedades para recuperarse y continuar con el proceso de entrenamiento, o volver a competir, mientras dura el proceso de recuperaci\u00f3n de la lesi\u00f3n\u00bb.<\/p>\n<p>Consultada sobre si le gustar\u00eda retomar competitivamente en otra rama del atletismo, respondi\u00f3 que \u00abposiblemente me gustar\u00eda volver, por lo menos a correr, cuando est\u00e9 un poco mas organizada y estabilizada, pero solo eso. La marcha hoy no es viable por los tiempos, alimentaci\u00f3n, descanso y tiempos de entrenamiento\u00bb.<\/p>\n<p>LOS LOGROS DE SU CARRERA<\/p>\n<p>A\u00f1o 2012<\/p>\n<p>COPA NACIONAL DE MENORES SANTA FE. ARG<br \/>\nMEDALLA BRONCE 5000m MARCHA U15<br \/>\nMEDALLA BRONCE 5000m MARCHA U17<br \/>\nCAMPEONATO NACIONAL DE MENORES ROSARIO, SF. ARG<br \/>\nMEDALLA DE ORO 5000m MARCHA U16<br \/>\nCAMPEONATO SUDAMERICANO DE MENORES<br \/>\nDESCALIFICADA<br \/>\nJUEGOS NACIONALES EVITA MAR DEL PLATA, BS AS. ARG<br \/>\nMEDALLA DE ORO 2000m MARCHA U16<\/p>\n<p>A\u00f1o 2013<\/p>\n<p>CAMPEONATO NACIONAL DE MENORES ROSARIO, SF. ARG<br \/>\nMEDALLA DE ORO 5000m MARCHA U16<br \/>\nCOPA NACIONAL DE CLUBES DE MENORES CAPITAL FEDERAL, BS AS. ARG<br \/>\nMEDALLA DE ORO 5000m MARCHA U16<\/p>\n<p>TORNEO PROVINCIAL DE JUVENILES ROSARIO, SF. ARG<br \/>\nMEDALLA DE ORO 5000m MARCHA U18<br \/>\nCAMPEONATO NACIONAL DE MENORES ROSARIO, SF. ARG<br \/>\nMEDALLA DE ORO 5000m MARCHA U16<br \/>\nCAMPEONATO NACIONAL DE JUVENILES RESISTENCIA, CH. ARG<br \/>\nMEDALLA DE ORO 10000m MARCHA U18<br \/>\nCAMPEONATO SUDAMERICANO JUVENIL CHACO, CH. ARG<br \/>\nSEXTO PUESTO 10000m MARCHA U18<\/p>\n<p>A\u00f1o 2014<br \/>\nCAMPEONATO PROVINCIAL DE MENORES Y JUVENILES SANTA FE, SF. ARG<br \/>\nMEDALLA DE ORO 10000m MARCHA U18<br \/>\nCAMPEONATO NACIONAL JUVENIL ROSARIO, SF. ARG<br \/>\nMEDALLA DE ORO 10000m MARCHA U18<\/p>\n<p>A\u00f1o 2015<br \/>\nCAMPEONATO NACIONAL DE JUVENILES ROSARIO, SF. ARG<br \/>\nMEDALLA DE ORO 10000m MARCHA<br \/>\nCOPA NACIONAL DE CLUBES DE MAYORES CAPITAL FEDERAL, BS AS. ARG<br \/>\nMEDALLA DE ORO 10000m MARCHA<br \/>\nJUEGOS OL\u00cdMPICOS UNIVERSITARIOS GWANGJU, COREA DEL SUR<br \/>\nVIG\u00c9SIMO PUESTO.<br \/>\nCOPA NACIONAL DE JUVENILES, SANTA FE, SF. ARG<br \/>\nMEDALLA ORO 10000m MARCHA<\/p>\n<p><img loading=\"lazy\" decoding=\"async\" class=\"alignnone size-full wp-image-42451\" src=\"https:\/\/todoapulmon-rafaela.com\/wp-content\/uploads\/2023\/08\/Magallanes-y-Kloster-Rosario.jpg\" alt=\"\" width=\"1280\" height=\"624\" srcset=\"https:\/\/todoapulmon-rafaela.com\/wp-content\/uploads\/2023\/08\/Magallanes-y-Kloster-Rosario.jpg 1280w, https:\/\/todoapulmon-rafaela.com\/wp-content\/uploads\/2023\/08\/Magallanes-y-Kloster-Rosario-300x146.jpg 300w\" sizes=\"(max-width: 1280px) 100vw, 1280px\" \/><\/p>\n<p>A\u00f1o 2016<br \/>\nCAMPEONATO NACIONAL DE MAYORES, CAPITAL FEDERAL, BS AS. ARG<br \/>\nMEDALLA PLATA 10000m MARCHA<br \/>\nCAMPEONATO NACIONAL U23, RESISTENCIA, CH. ARG<br \/>\nMEDALLA ORO 10000m MARCHA<br \/>\nCAMPEONATO SUDAMERICANO UNIVERSITARIO, MAR DEL PLATA, BS AS. ARG<br \/>\nMEDALLA DE PLATA.<\/p>\n<p>A\u00f1o 2017<br \/>\nCAMPEONATO PROVINCIAL DE MAYORES, C\u00d3RDOBA, CBA. ARG<br \/>\nMEDALLA DE ORO 10000m MARCHA Y R\u00c9CORD ARGENTINO<\/p>\n<p>CAMPEONATO PROVINCIAL DE MAYORES, SANTA FE, SF. ARG<br \/>\nMEDALLA DE ORO 10000m MARCHA<br \/>\nCAMPEONATO NACIONAL DE MAYORES, RESISTENCIA, CH. ARG<br \/>\nMEDALLA DE ORO 10000m MARCHA Y R\u00c9CORD ARGENTINO ABSOLUTO.<br \/>\nCAMPEONATO PROVINCIAL U23 SANTA FE, SF<br \/>\nMEDALLA DE ORO 10000m MARCHA.<\/p>\n<p>A\u00f1o 2018<br \/>\nCOPA ARGENTINA DE MARCHA U23, EZEIZA, BS AS.<br \/>\nMEDALLA DE ORO 20 KM MARCHA Y R\u00c9CORD ARGENTINO U23<br \/>\nCOPA NACIONAL U18, RESISTENCIA, CH<br \/>\nR\u00c9CORD ARGENTINO 5000m MARCHA Y<br \/>\nR\u00c9CORD ARGENTINO ABSOLUTO 10000m MARCHA<br \/>\nCAMPEONATO NACIONAL U23, Mar del Plata, BS AS.<br \/>\nMEDALLA DE ORO 10000 M MARCHA. Y MEDALLA DE PLATA POSTA 4X400 M.<\/p>\n<p>2019<\/p>\n<p>MEDALLA DE ORO EN COPA ARGENTINA DE MARCHA, 20.000 METROS, RAFAELA, SF<\/p>\n<p>DEBUT Y MEDALLA DE ORO EN EL NACIONAL DE MAYORES, 20.000 METROS, ROSARIO, SF<\/p>\n<p>2021<\/p>\n<p>DQ EN CAMPEONATO NACIONAL DE MAYORES, CONCEPCION DEL URUGUAY, ER<\/p>\n<p>2022<\/p>\n<p>MEDALLA DE PLATA EN EL NACIONAL DE MAYORES, CONCEPCION DEL URUGUAY, ER.<\/p>\n","protected":false},"excerpt":{"rendered":"<p>Durante varios a\u00f1os Sof\u00eda Kloster fue la referencia de la marcha atl\u00e9tica argentina a nivel femenino y la prueba contundente<\/p>\n","protected":false},"author":2,"featured_media":42443,"comment_status":"closed","ping_status":"closed","sticky":false,"template":"","format":"standard","meta":{"footnotes":""},"categories":[7,24],"tags":[],"class_list":["post-42441","post","type-post","status-publish","format-standard","has-post-thumbnail","hentry","category-atletismo","category-noticias-destacadas"],"cc_featured_image_caption":{"caption_text":"","source_text":"","source_url":""},"_links":{"self":[{"href":"https:\/\/todoapulmon-rafaela.com\/index.php\/wp-json\/wp\/v2\/posts\/42441"}],"collection":[{"href":"https:\/\/todoapulmon-rafaela.com\/index.php\/wp-json\/wp\/v2\/posts"}],"about":[{"href":"https:\/\/todoapulmon-rafaela.com\/index.php\/wp-json\/wp\/v2\/types\/post"}],"author":[{"embeddable":true,"href":"https:\/\/todoapulmon-rafaela.com\/index.php\/wp-json\/wp\/v2\/users\/2"}],"replies":[{"embeddable":true,"href":"https:\/\/todoapulmon-rafaela.com\/index.php\/wp-json\/wp\/v2\/comments?post=42441"}],"version-history":[{"count":7,"href":"https:\/\/todoapulmon-rafaela.com\/index.php\/wp-json\/wp\/v2\/posts\/42441\/revisions"}],"predecessor-version":[{"id":42455,"href":"https:\/\/todoapulmon-rafaela.com\/index.php\/wp-json\/wp\/v2\/posts\/42441\/revisions\/42455"}],"wp:featuredmedia":[{"embeddable":true,"href":"https:\/\/todoapulmon-rafaela.com\/index.php\/wp-json\/wp\/v2\/media\/42443"}],"wp:attachment":[{"href":"https:\/\/todoapulmon-rafaela.com\/index.php\/wp-json\/wp\/v2\/media?parent=42441"}],"wp:term":[{"taxonomy":"category","embeddable":true,"href":"https:\/\/todoapulmon-rafaela.com\/index.php\/wp-json\/wp\/v2\/categories?post=42441"},{"taxonomy":"post_tag","embeddable":true,"href":"https:\/\/todoapulmon-rafaela.com\/index.php\/wp-json\/wp\/v2\/tags?post=42441"}],"curies":[{"name":"wp","href":"https:\/\/api.w.org\/{rel}","templated":true}]}}