{"id":4241,"date":"2017-01-07T16:50:43","date_gmt":"2017-01-07T16:50:43","guid":{"rendered":"http:\/\/todoapulmon-rafaela.com\/?p=4241"},"modified":"2017-01-07T16:50:43","modified_gmt":"2017-01-07T16:50:43","slug":"tras-dos-etapas-agostini-76o-en-el-giro-del-sol","status":"publish","type":"post","link":"https:\/\/todoapulmon-rafaela.com\/index.php\/2017\/01\/07\/tras-dos-etapas-agostini-76o-en-el-giro-del-sol\/","title":{"rendered":"Tras dos etapas, Agostini 76\u00ba en el Giro del Sol"},"content":{"rendered":"<p>El Giro del Sol en San Juan cumpli\u00f3 las dos primeras etapas. Ante una gran cantidad de p\u00fablico que sigue la competencia en la provincia cuyana, el pedalista del SAT &#8211; Bragado Cicles, Laureano Rosas, est\u00e1 al frente de la clasificaci\u00f3n general con el triunfo en el primer parcial y el tercer puesto en la segunda etapa, que fue ganada por Josu\u00e9 Moyano (Pocito).<\/p>\n<p>El rafaelino Mauro Agostini, del SAT &#8211; Bragado Cicles, se ubica en el puesto 76\u00ba de la general y junto a sus compa\u00f1eros intentar\u00e1n en los dos parciales finales, s\u00e1bado y domingo, dejar a su escuadra en lo m\u00e1s alto y facilitar el trabajo de Rosas, que antes de la competencia ya se perfilaba como uno de los candidatos.<\/p>\n<p>La clasificaci\u00f3n general est\u00e1 de la siguiente manera: 1) Laureano Rosas (SAT &#8211; Bragado) 5h00m22s; 2) Ricardo Escuela (Virgen de F\u00e1tima) a 5s; 3) Mauro Richeze (Virgen de F\u00e1tima) a 6s; 4) Josu\u00e9 Moyano (Municipalidad de Pocito) a 9s; 5) Franco L\u00f3pez (Virgen de F\u00e1tima) a 13s; 6) Rom\u00e1n Mastr\u00e1ngelo (SAT &#8211; Bragado) a 14s; 7) Mauricio Muller (SEP San Juan) a 15s; 8) Luciano Montivero (Virgen de F\u00e1tima), 9) Daniel Zamora (Virgen de F\u00e1tima) y 10) Ari\u00e1n Richeze (Virgen de F\u00e1tima), todos a 15s&#8230;76) Mauro Agostini (Virgen de F\u00e1tima) a 7m54s.<\/p>\n","protected":false},"excerpt":{"rendered":"<p>El Giro del Sol en San Juan cumpli\u00f3 las dos primeras etapas. Ante una gran cantidad de p\u00fablico que sigue<\/p>\n","protected":false},"author":2,"featured_media":4242,"comment_status":"open","ping_status":"open","sticky":false,"template":"","format":"standard","meta":{"footnotes":""},"categories":[4],"tags":[],"class_list":["post-4241","post","type-post","status-publish","format-standard","has-post-thumbnail","hentry","category-ciclismo"],"cc_featured_image_caption":{"caption_text":"La escuadra del SAT que integra Agostini tiene por el momento al l\u00edder de la general.","source_text":"","source_url":""},"_links":{"self":[{"href":"https:\/\/todoapulmon-rafaela.com\/index.php\/wp-json\/wp\/v2\/posts\/4241"}],"collection":[{"href":"https:\/\/todoapulmon-rafaela.com\/index.php\/wp-json\/wp\/v2\/posts"}],"about":[{"href":"https:\/\/todoapulmon-rafaela.com\/index.php\/wp-json\/wp\/v2\/types\/post"}],"author":[{"embeddable":true,"href":"https:\/\/todoapulmon-rafaela.com\/index.php\/wp-json\/wp\/v2\/users\/2"}],"replies":[{"embeddable":true,"href":"https:\/\/todoapulmon-rafaela.com\/index.php\/wp-json\/wp\/v2\/comments?post=4241"}],"version-history":[{"count":1,"href":"https:\/\/todoapulmon-rafaela.com\/index.php\/wp-json\/wp\/v2\/posts\/4241\/revisions"}],"predecessor-version":[{"id":4243,"href":"https:\/\/todoapulmon-rafaela.com\/index.php\/wp-json\/wp\/v2\/posts\/4241\/revisions\/4243"}],"wp:featuredmedia":[{"embeddable":true,"href":"https:\/\/todoapulmon-rafaela.com\/index.php\/wp-json\/wp\/v2\/media\/4242"}],"wp:attachment":[{"href":"https:\/\/todoapulmon-rafaela.com\/index.php\/wp-json\/wp\/v2\/media?parent=4241"}],"wp:term":[{"taxonomy":"category","embeddable":true,"href":"https:\/\/todoapulmon-rafaela.com\/index.php\/wp-json\/wp\/v2\/categories?post=4241"},{"taxonomy":"post_tag","embeddable":true,"href":"https:\/\/todoapulmon-rafaela.com\/index.php\/wp-json\/wp\/v2\/tags?post=4241"}],"curies":[{"name":"wp","href":"https:\/\/api.w.org\/{rel}","templated":true}]}}