{"id":42399,"date":"2023-08-22T20:18:34","date_gmt":"2023-08-22T20:18:34","guid":{"rendered":"https:\/\/todoapulmon-rafaela.com\/?p=42399"},"modified":"2023-08-22T20:18:34","modified_gmt":"2023-08-22T20:18:34","slug":"vivas-se-reintegra-a-la-preparacion-mundialista-de-los-pumas","status":"publish","type":"post","link":"https:\/\/todoapulmon-rafaela.com\/index.php\/2023\/08\/22\/vivas-se-reintegra-a-la-preparacion-mundialista-de-los-pumas\/","title":{"rendered":"Vivas se reintegra a la preparaci\u00f3n mundialista de Los Pumas"},"content":{"rendered":"<p style=\"font-weight: 400\"><strong>Debido a la lesi\u00f3n sufrida por Nahuel Tetaz Chaparro<\/strong><strong>\u00a0(<\/strong>ruptura del tend\u00f3n de Aquiles de la pierna izquierda) que se perder\u00e1 el\u00a0<a href=\"https:\/\/www.espn.com.ar\/rugby\/nota\/_\/id\/12234631\/el-fixture-completo-del-mundial-de-francia-2023-rugby-los-pumas\" data-saferedirecturl=\"https:\/\/www.google.com\/url?q=https:\/\/www.espn.com.ar\/rugby\/nota\/_\/id\/12234631\/el-fixture-completo-del-mundial-de-francia-2023-rugby-los-pumas&amp;source=gmail&amp;ust=1692821792645000&amp;usg=AOvVaw1jKfWRZoO2X4QhARovIiNC\"><strong>Mundial de Francia 2023<\/strong><\/a>, e3l rafaelino\u00a0<strong>Mayco Vivas\u00a0<\/strong><strong>y el rosarino<\/strong><strong>\u00a0Lucio Sordoni\u00a0<\/strong>se suman a la pretemporada del seleccionado argentino en Portugal.<\/p>\n<p style=\"font-weight: 400\">El primera l\u00ednea de<strong>\u00a0Los Pumas\u00a0<\/strong>no podr\u00e1 estar presente en la Copa del Mundo, en la cual el conjunto dirigido por Michael Cheika debutar\u00e1 el s\u00e1bado 9 de septiembre ante Inglaterra. Tanto Vivas como Sordoni se incorporan a los entrenamientos, con vistas a suplir la ausencia del pilar para el torneo.<\/p>\n<p style=\"font-weight: 400\">De estos dos nombres, uno se ganar\u00eda su lugar en el Mundial.<\/p>\n<p style=\"font-weight: 400\">En lo que va del 2023,\u00a0<strong>Sordoni<\/strong><strong>,\u00a0<\/strong>pilar derecho<strong>,\u00a0<\/strong>disput\u00f3 un solo encuentro con<strong>\u00a0<\/strong><strong>Los Pumas<\/strong>, en lo que fue la ca\u00edda ante los All Blacks en Mendoza. En aquel partido, el primera l\u00ednea logr\u00f3 apoyar el primer try para el seleccionado argentino. Luego, sum\u00f3 minutos con<strong>\u00a0Argentina XV<\/strong>\u00a0en la Ventana Internacional SAR (fue titular frente a Namibia y ante Chile).<\/p>\n<p style=\"font-weight: 400\">Por su parte,\u00a0<strong>Vivas<\/strong><strong>,<\/strong>\u00a0pilar izquierdo, tambi\u00e9n jug\u00f3 un solo partido con el seleccionado en el a\u00f1o (la derrota frente a Nueva Zelanda). En aquella oportunidad ingres\u00f3 en el complemento y estuvo 16 minutos en la cancha. Adem\u00e1s fue convocado para la gira por\u00a0<strong>Sud\u00e1frica y Australia<\/strong>, pero no pudo tener actividad. En cuanto a\u00a0<strong>Argentina XV,<\/strong>\u00a0Vivas disput\u00f3 uno de los tres partidos, al ser titular en la goleada frente a Los C\u00f3ndores por 40-13.<\/p>\n<p>Fuente: Scrum.<\/p>\n","protected":false},"excerpt":{"rendered":"<p>Debido a la lesi\u00f3n sufrida por Nahuel Tetaz Chaparro\u00a0(ruptura del tend\u00f3n de Aquiles de la pierna izquierda) que se perder\u00e1<\/p>\n","protected":false},"author":2,"featured_media":33673,"comment_status":"closed","ping_status":"closed","sticky":false,"template":"","format":"standard","meta":{"footnotes":""},"categories":[24,2],"tags":[],"class_list":["post-42399","post","type-post","status-publish","format-standard","has-post-thumbnail","hentry","category-noticias-destacadas","category-rugby"],"cc_featured_image_caption":{"caption_text":"","source_text":"","source_url":""},"_links":{"self":[{"href":"https:\/\/todoapulmon-rafaela.com\/index.php\/wp-json\/wp\/v2\/posts\/42399"}],"collection":[{"href":"https:\/\/todoapulmon-rafaela.com\/index.php\/wp-json\/wp\/v2\/posts"}],"about":[{"href":"https:\/\/todoapulmon-rafaela.com\/index.php\/wp-json\/wp\/v2\/types\/post"}],"author":[{"embeddable":true,"href":"https:\/\/todoapulmon-rafaela.com\/index.php\/wp-json\/wp\/v2\/users\/2"}],"replies":[{"embeddable":true,"href":"https:\/\/todoapulmon-rafaela.com\/index.php\/wp-json\/wp\/v2\/comments?post=42399"}],"version-history":[{"count":1,"href":"https:\/\/todoapulmon-rafaela.com\/index.php\/wp-json\/wp\/v2\/posts\/42399\/revisions"}],"predecessor-version":[{"id":42400,"href":"https:\/\/todoapulmon-rafaela.com\/index.php\/wp-json\/wp\/v2\/posts\/42399\/revisions\/42400"}],"wp:featuredmedia":[{"embeddable":true,"href":"https:\/\/todoapulmon-rafaela.com\/index.php\/wp-json\/wp\/v2\/media\/33673"}],"wp:attachment":[{"href":"https:\/\/todoapulmon-rafaela.com\/index.php\/wp-json\/wp\/v2\/media?parent=42399"}],"wp:term":[{"taxonomy":"category","embeddable":true,"href":"https:\/\/todoapulmon-rafaela.com\/index.php\/wp-json\/wp\/v2\/categories?post=42399"},{"taxonomy":"post_tag","embeddable":true,"href":"https:\/\/todoapulmon-rafaela.com\/index.php\/wp-json\/wp\/v2\/tags?post=42399"}],"curies":[{"name":"wp","href":"https:\/\/api.w.org\/{rel}","templated":true}]}}