{"id":42389,"date":"2023-08-22T13:55:11","date_gmt":"2023-08-22T13:55:11","guid":{"rendered":"https:\/\/todoapulmon-rafaela.com\/?p=42389"},"modified":"2023-08-23T02:22:33","modified_gmt":"2023-08-23T02:22:33","slug":"gimnastas-de-crear-destacadas-en-el-segundo-provincial","status":"publish","type":"post","link":"https:\/\/todoapulmon-rafaela.com\/index.php\/2023\/08\/22\/gimnastas-de-crear-destacadas-en-el-segundo-provincial\/","title":{"rendered":"Gimnastas de CREAR destacadas en el Segundo Provincial"},"content":{"rendered":"<p>Durante el fin de semana se realiz\u00f3 el segundo Torneo Provincial de los Niveles 1 al 10 de la Federaci\u00f3n Santafesina de Gimnasia Art\u00edstica, en el que tuvieron destacadas performances las representantes de CREAR Club de nuestra ciudad.<\/p>\n<p>Las deportistas entrenadas por V\u00edctor Ingaramo tuvieron estas ubicaciones:<\/p>\n<p>Nivel 6<\/p>\n<p>Categor\u00eda Infantil: 1) Araceli Burgos.<\/p>\n<p>Categor\u00eda Juvenil: 3) Julieta Menseguez.<\/p>\n<p>Nivel 7<\/p>\n<p>Categor\u00eda Juvenil: 3) Luisina L\u00f3pez.<\/p>\n<p>Nivel 10<\/p>\n<p>Categor\u00eda Mayor: 1) Luc\u00eda Gonz\u00e1lez.<\/p>\n<p><img loading=\"lazy\" decoding=\"async\" class=\"alignnone size-medium wp-image-42392\" src=\"https:\/\/todoapulmon-rafaela.com\/wp-content\/uploads\/2023\/08\/IMG-20230822-WA0006-167x300.jpg\" alt=\"\" width=\"167\" height=\"300\" srcset=\"https:\/\/todoapulmon-rafaela.com\/wp-content\/uploads\/2023\/08\/IMG-20230822-WA0006-167x300.jpg 167w, https:\/\/todoapulmon-rafaela.com\/wp-content\/uploads\/2023\/08\/IMG-20230822-WA0006.jpg 585w\" sizes=\"(max-width: 167px) 100vw, 167px\" \/><img loading=\"lazy\" decoding=\"async\" class=\"alignnone size-medium wp-image-42393\" src=\"https:\/\/todoapulmon-rafaela.com\/wp-content\/uploads\/2023\/08\/IMG-20230822-WA0005-135x300.jpg\" alt=\"\" width=\"135\" height=\"300\" srcset=\"https:\/\/todoapulmon-rafaela.com\/wp-content\/uploads\/2023\/08\/IMG-20230822-WA0005-135x300.jpg 135w, https:\/\/todoapulmon-rafaela.com\/wp-content\/uploads\/2023\/08\/IMG-20230822-WA0005.jpg 538w\" sizes=\"(max-width: 135px) 100vw, 135px\" \/><img loading=\"lazy\" decoding=\"async\" class=\"alignnone size-medium wp-image-42394\" src=\"https:\/\/todoapulmon-rafaela.com\/wp-content\/uploads\/2023\/08\/IMG-20230822-WA0004-195x300.jpg\" alt=\"\" width=\"195\" height=\"300\" srcset=\"https:\/\/todoapulmon-rafaela.com\/wp-content\/uploads\/2023\/08\/IMG-20230822-WA0004-195x300.jpg 195w, https:\/\/todoapulmon-rafaela.com\/wp-content\/uploads\/2023\/08\/IMG-20230822-WA0004.jpg 795w\" sizes=\"(max-width: 195px) 100vw, 195px\" \/><img loading=\"lazy\" decoding=\"async\" class=\"alignnone size-medium wp-image-42395\" src=\"https:\/\/todoapulmon-rafaela.com\/wp-content\/uploads\/2023\/08\/IMG-20230822-WA0003-209x300.jpg\" alt=\"\" width=\"209\" height=\"300\" srcset=\"https:\/\/todoapulmon-rafaela.com\/wp-content\/uploads\/2023\/08\/IMG-20230822-WA0003-209x300.jpg 209w, https:\/\/todoapulmon-rafaela.com\/wp-content\/uploads\/2023\/08\/IMG-20230822-WA0003.jpg 838w\" sizes=\"(max-width: 209px) 100vw, 209px\" \/><\/p>\n<p>Nivel 2<\/p>\n<p>Categor\u00eda Mini 8 a\u00f1os: 5) Celina Moreno, 8) Dana Botto.<\/p>\n<p>9 A\u00f1os: 2) Catalina Blainq, 10) Paulina Colombo, 16) Delfina Isaurralde, 20) Anita Vega, 21) Emilia Dallaglio.<\/p>\n<p>Categor\u00eda Preinfantil: 9) Sof\u00eda Serra.<\/p>\n<p>Categor\u00eda Juvenil: 1) Lise Roc\u00edo Abba, 2) Juana Duarte.<\/p>\n<p>Categor\u00eda Pre mini: 6) Simona Demo, 8) Morena D\u00edaz.<\/p>\n<p><img loading=\"lazy\" decoding=\"async\" class=\"alignnone size-medium wp-image-42396\" src=\"https:\/\/todoapulmon-rafaela.com\/wp-content\/uploads\/2023\/08\/IMG-20230822-WA0010-225x300.jpg\" alt=\"\" width=\"225\" height=\"300\" srcset=\"https:\/\/todoapulmon-rafaela.com\/wp-content\/uploads\/2023\/08\/IMG-20230822-WA0010-225x300.jpg 225w, https:\/\/todoapulmon-rafaela.com\/wp-content\/uploads\/2023\/08\/IMG-20230822-WA0010.jpg 960w\" sizes=\"(max-width: 225px) 100vw, 225px\" \/><\/p>\n<p>&nbsp;<\/p>\n","protected":false},"excerpt":{"rendered":"<p>Durante el fin de semana se realiz\u00f3 el segundo Torneo Provincial de los Niveles 1 al 10 de la Federaci\u00f3n<\/p>\n","protected":false},"author":2,"featured_media":42398,"comment_status":"closed","ping_status":"closed","sticky":false,"template":"","format":"standard","meta":{"footnotes":""},"categories":[24],"tags":[],"class_list":["post-42389","post","type-post","status-publish","format-standard","has-post-thumbnail","hentry","category-noticias-destacadas"],"cc_featured_image_caption":{"caption_text":"Foto prensa CREAR","source_text":"","source_url":""},"_links":{"self":[{"href":"https:\/\/todoapulmon-rafaela.com\/index.php\/wp-json\/wp\/v2\/posts\/42389"}],"collection":[{"href":"https:\/\/todoapulmon-rafaela.com\/index.php\/wp-json\/wp\/v2\/posts"}],"about":[{"href":"https:\/\/todoapulmon-rafaela.com\/index.php\/wp-json\/wp\/v2\/types\/post"}],"author":[{"embeddable":true,"href":"https:\/\/todoapulmon-rafaela.com\/index.php\/wp-json\/wp\/v2\/users\/2"}],"replies":[{"embeddable":true,"href":"https:\/\/todoapulmon-rafaela.com\/index.php\/wp-json\/wp\/v2\/comments?post=42389"}],"version-history":[{"count":3,"href":"https:\/\/todoapulmon-rafaela.com\/index.php\/wp-json\/wp\/v2\/posts\/42389\/revisions"}],"predecessor-version":[{"id":42407,"href":"https:\/\/todoapulmon-rafaela.com\/index.php\/wp-json\/wp\/v2\/posts\/42389\/revisions\/42407"}],"wp:featuredmedia":[{"embeddable":true,"href":"https:\/\/todoapulmon-rafaela.com\/index.php\/wp-json\/wp\/v2\/media\/42398"}],"wp:attachment":[{"href":"https:\/\/todoapulmon-rafaela.com\/index.php\/wp-json\/wp\/v2\/media?parent=42389"}],"wp:term":[{"taxonomy":"category","embeddable":true,"href":"https:\/\/todoapulmon-rafaela.com\/index.php\/wp-json\/wp\/v2\/categories?post=42389"},{"taxonomy":"post_tag","embeddable":true,"href":"https:\/\/todoapulmon-rafaela.com\/index.php\/wp-json\/wp\/v2\/tags?post=42389"}],"curies":[{"name":"wp","href":"https:\/\/api.w.org\/{rel}","templated":true}]}}