{"id":4237,"date":"2017-01-06T02:47:34","date_gmt":"2017-01-06T02:47:34","guid":{"rendered":"http:\/\/todoapulmon-rafaela.com\/?p=4237"},"modified":"2017-01-06T02:47:34","modified_gmt":"2017-01-06T02:47:34","slug":"zoe-schurrer-con-su-primer-podio-en-el-nacional","status":"publish","type":"post","link":"https:\/\/todoapulmon-rafaela.com\/index.php\/2017\/01\/06\/zoe-schurrer-con-su-primer-podio-en-el-nacional\/","title":{"rendered":"Zoe Sch\u00fcrrer con su primer podio en el Nacional"},"content":{"rendered":"<p>En la segunda jornada del Campeonato Rep\u00fablica de nataci\u00f3n, el nacional para juveniles y juniors que se desarrolla en el CENARD, la rafaelina Zoe Sch\u00fcrrer consigui\u00f3 la medalla de bronce en la prueba final de los 200 metros mariposa, de la categor\u00eda de 17-18 a\u00f1os.<\/p>\n<p>La nadadora que representa al Sport Autom\u00f3vil Club de San Francisco registr\u00f3 un tiempo de 2m25s21\/100 y le dio 6 puntos a su escuadra para la sumatoria del certamen. El triunfo fue para Delfina Pignatiello (DSI), una de las figuras emergentes m\u00e1s importantes de este deporte en nuestro pa\u00eds y reciente finalista mundial en Canad\u00e1 en pileta corta, con 2m13s47\/100. El segundo puesto fue para Iara Ehrlich (NSAGV).<\/p>\n<p>En este certamen clasificatorio para el pr\u00f3ximo Sudamericano, Sch\u00fcrrer qued\u00f3 este jueves, adem\u00e1s, 11\u00aa en la clasificaci\u00f3n de 100 libre y ayer tambi\u00e9n hab\u00eda estado cerca de ser finalista en 50 metros mariposa.<\/p>\n<p>Por otra parte, el rafaelino Brandon Capri (integrante del equipo de Uni\u00f3n de Sunchales), fue 16\u00ba el mi\u00e9rcoles en la clasificaci\u00f3n de los 50 metros pecho en 16 a\u00f1os.<\/p>\n<p>Por otra parte, su compa\u00f1ero Agust\u00edn Aicardi logr\u00f3 clasificar a la final, donde se ubic\u00f3 7\u00ba, de los 200 metros mariposa junior con una muy buena actuaci\u00f3n, habida cuenta que baj\u00f3 dos segundos y medio su marca de ingreso se\u00f1alando 2m18s39. Esta competencia fue ganada por Nicol\u00e1s Deferrari, uno de los buenos proyectos de la nataci\u00f3n nacional, con 2m02s18.<\/p>\n","protected":false},"excerpt":{"rendered":"<p>En la segunda jornada del Campeonato Rep\u00fablica de nataci\u00f3n, el nacional para juveniles y juniors que se desarrolla en el<\/p>\n","protected":false},"author":2,"featured_media":4235,"comment_status":"open","ping_status":"open","sticky":false,"template":"","format":"standard","meta":{"footnotes":""},"categories":[26,24],"tags":[],"class_list":["post-4237","post","type-post","status-publish","format-standard","has-post-thumbnail","hentry","category-natacion","category-noticias-destacadas"],"cc_featured_image_caption":{"caption_text":"La nadadora rafaelina (derecha) fue tercera en los 200 mariposa.","source_text":"","source_url":""},"_links":{"self":[{"href":"https:\/\/todoapulmon-rafaela.com\/index.php\/wp-json\/wp\/v2\/posts\/4237"}],"collection":[{"href":"https:\/\/todoapulmon-rafaela.com\/index.php\/wp-json\/wp\/v2\/posts"}],"about":[{"href":"https:\/\/todoapulmon-rafaela.com\/index.php\/wp-json\/wp\/v2\/types\/post"}],"author":[{"embeddable":true,"href":"https:\/\/todoapulmon-rafaela.com\/index.php\/wp-json\/wp\/v2\/users\/2"}],"replies":[{"embeddable":true,"href":"https:\/\/todoapulmon-rafaela.com\/index.php\/wp-json\/wp\/v2\/comments?post=4237"}],"version-history":[{"count":1,"href":"https:\/\/todoapulmon-rafaela.com\/index.php\/wp-json\/wp\/v2\/posts\/4237\/revisions"}],"predecessor-version":[{"id":4238,"href":"https:\/\/todoapulmon-rafaela.com\/index.php\/wp-json\/wp\/v2\/posts\/4237\/revisions\/4238"}],"wp:featuredmedia":[{"embeddable":true,"href":"https:\/\/todoapulmon-rafaela.com\/index.php\/wp-json\/wp\/v2\/media\/4235"}],"wp:attachment":[{"href":"https:\/\/todoapulmon-rafaela.com\/index.php\/wp-json\/wp\/v2\/media?parent=4237"}],"wp:term":[{"taxonomy":"category","embeddable":true,"href":"https:\/\/todoapulmon-rafaela.com\/index.php\/wp-json\/wp\/v2\/categories?post=4237"},{"taxonomy":"post_tag","embeddable":true,"href":"https:\/\/todoapulmon-rafaela.com\/index.php\/wp-json\/wp\/v2\/tags?post=4237"}],"curies":[{"name":"wp","href":"https:\/\/api.w.org\/{rel}","templated":true}]}}