{"id":42358,"date":"2023-08-22T23:23:34","date_gmt":"2023-08-22T23:23:34","guid":{"rendered":"https:\/\/todoapulmon-rafaela.com\/?p=42358"},"modified":"2023-08-23T00:03:36","modified_gmt":"2023-08-23T00:03:36","slug":"el-trasmontana-2023-con-alegrias-rafaelinas","status":"publish","type":"post","link":"https:\/\/todoapulmon-rafaela.com\/index.php\/2023\/08\/22\/el-trasmontana-2023-con-alegrias-rafaelinas\/","title":{"rendered":"El Trasmonta\u00f1a 2023 con alegr\u00edas rafaelinas"},"content":{"rendered":"<div><\/div>\n<div class=\"td w80\">\n<div class=\"tr theader\"><\/div>\n<div class=\"tr\">\n<div class=\"td w80\">El domingo 20 de agosto se realiz\u00f3 una de las cl\u00e1sicas citas del MTB nacional. El Trasmonta\u00f1a 2023 tuvo en Tucum\u00e1n a 2.726 participantes en la competencia en San Javier &#8211; La Sala.<br \/>\nPor tercera vez y de manera consecutiva, la pareja integrada por el catamarque\u00f1o \u00c1lvaro Mac\u00edas y el mendocino Fernando Contreras se quedaron con el Rally, completando el recorrido de 46,6 kil\u00f3metros en 2hs 19\u2019 y 19\u201d.<br \/>\nParticiparon representantes de nuestra ciudad (en algunos casos haciendo el binomio con pedalistas de otras ciudades). Tal fue el caso de Ra\u00fal Durando que junto al cordob\u00e9s Juan Peralta ganaron en E1.<\/div>\n<div><\/div>\n<div class=\"td w80\">Estos fueron los resultados:<\/div>\n<div><\/div>\n<div>Mat\u00edas Dominino &#8211; Antonio Sosa: 3h 10m 44s, 15 en B1 y 85 en la general.<\/div>\n<div>Maximiliano Briggiler &#8211; Gabriel Ravasio: 3h 20m 30s, 17 en B2 y 150 en la general.<\/div>\n<div>Joaqu\u00edn Roca &#8211; Daniel Schmidt: 3h 33m 44s, 37 en B1 y 237 en la general.<\/div>\n<div><img loading=\"lazy\" decoding=\"async\" class=\"alignnone size-medium wp-image-42402\" src=\"https:\/\/todoapulmon-rafaela.com\/wp-content\/uploads\/2023\/08\/IMG-20230821-WA0002-225x300.jpg\" alt=\"\" width=\"225\" height=\"300\" srcset=\"https:\/\/todoapulmon-rafaela.com\/wp-content\/uploads\/2023\/08\/IMG-20230821-WA0002-225x300.jpg 225w, https:\/\/todoapulmon-rafaela.com\/wp-content\/uploads\/2023\/08\/IMG-20230821-WA0002.jpg 768w\" sizes=\"(max-width: 225px) 100vw, 225px\" \/><\/div>\n<div>C\u00e9sar Bonetto &#8211; C\u00e9sar Bogunovich: 3h 46m 09s, 20 en C1 y 319 en la general.<\/div>\n<div>Norberto Willener &#8211; Diego Drubich: 4h 05m 34s, 36 en C1 y 459 en la general.<\/div>\n<div>Ra\u00fal Durando &#8211; Juan Peralta: 4h 44m 51s, 1 en E1 (tres parejas participantes) y 684 en la general.<\/div>\n<div>Luisina Simondi &#8211; Guido Bordese: 4h 49m 01s, 47 en parejas mixtas.<\/div>\n<\/div>\n<\/div>\n","protected":false},"excerpt":{"rendered":"<p>El domingo 20 de agosto se realiz\u00f3 una de las cl\u00e1sicas citas del MTB nacional. El Trasmonta\u00f1a 2023 tuvo en<\/p>\n","protected":false},"author":2,"featured_media":42404,"comment_status":"closed","ping_status":"closed","sticky":false,"template":"","format":"standard","meta":{"footnotes":""},"categories":[4,24],"tags":[],"class_list":["post-42358","post","type-post","status-publish","format-standard","has-post-thumbnail","hentry","category-ciclismo","category-noticias-destacadas"],"cc_featured_image_caption":{"caption_text":"","source_text":"","source_url":""},"_links":{"self":[{"href":"https:\/\/todoapulmon-rafaela.com\/index.php\/wp-json\/wp\/v2\/posts\/42358"}],"collection":[{"href":"https:\/\/todoapulmon-rafaela.com\/index.php\/wp-json\/wp\/v2\/posts"}],"about":[{"href":"https:\/\/todoapulmon-rafaela.com\/index.php\/wp-json\/wp\/v2\/types\/post"}],"author":[{"embeddable":true,"href":"https:\/\/todoapulmon-rafaela.com\/index.php\/wp-json\/wp\/v2\/users\/2"}],"replies":[{"embeddable":true,"href":"https:\/\/todoapulmon-rafaela.com\/index.php\/wp-json\/wp\/v2\/comments?post=42358"}],"version-history":[{"count":2,"href":"https:\/\/todoapulmon-rafaela.com\/index.php\/wp-json\/wp\/v2\/posts\/42358\/revisions"}],"predecessor-version":[{"id":42403,"href":"https:\/\/todoapulmon-rafaela.com\/index.php\/wp-json\/wp\/v2\/posts\/42358\/revisions\/42403"}],"wp:featuredmedia":[{"embeddable":true,"href":"https:\/\/todoapulmon-rafaela.com\/index.php\/wp-json\/wp\/v2\/media\/42404"}],"wp:attachment":[{"href":"https:\/\/todoapulmon-rafaela.com\/index.php\/wp-json\/wp\/v2\/media?parent=42358"}],"wp:term":[{"taxonomy":"category","embeddable":true,"href":"https:\/\/todoapulmon-rafaela.com\/index.php\/wp-json\/wp\/v2\/categories?post=42358"},{"taxonomy":"post_tag","embeddable":true,"href":"https:\/\/todoapulmon-rafaela.com\/index.php\/wp-json\/wp\/v2\/tags?post=42358"}],"curies":[{"name":"wp","href":"https:\/\/api.w.org\/{rel}","templated":true}]}}