{"id":42207,"date":"2023-08-17T02:50:43","date_gmt":"2023-08-17T02:50:43","guid":{"rendered":"https:\/\/todoapulmon-rafaela.com\/?p=42207"},"modified":"2023-08-17T02:50:43","modified_gmt":"2023-08-17T02:50:43","slug":"debutan-milena-margaria-y-argentina-en-el-mundial-u21","status":"publish","type":"post","link":"https:\/\/todoapulmon-rafaela.com\/index.php\/2023\/08\/17\/debutan-milena-margaria-y-argentina-en-el-mundial-u21\/","title":{"rendered":"Debutan Milena Margar\u00eda y Argentina en el Mundial U21"},"content":{"rendered":"<p>El seleccionado argentino Sub \u201921 de v\u00f3leibol femenino empezar\u00e1 este jueves su participaci\u00f3n en el Mundial de la categor\u00eda que se jugar\u00e1 en Le\u00f3n, M\u00e9xico, en el partido que asumir\u00e1 ante su par de Polonia.<\/p>\n<p>El conjunto albiceleste, dirigido por el DT Mart\u00edn Ambrosini, har\u00e1 su estreno por el grupo C de la cita ecum\u00e9nica midi\u00e9ndose ante el combinado polaco, desde las 14 hora local (17 de Argentina). Trasmitir\u00e1 el canal de YouTube del sitio Voleyball World.<\/p>\n<p>El equipo argentino est\u00e1 compuesto por Juana Giardini, Emilia Balague, Constanza P\u00e9rez Sain, Nicole P\u00e9rez, la sunchalense Milena Margaria, Malena M\u00e1rquez, Keila Llanos, Nayla Da Silva, Josefina Ossvald, Avril Garc\u00eda, Zoe Studer y Victoria Caballero.<\/p>\n<p>Tras el citado encuentro, el conjunto argentino, autodenominado Las Panteritas, se medir\u00e1 el viernes con Serbia (14.00) y el s\u00e1bado con China (17.00).<\/p>\n","protected":false},"excerpt":{"rendered":"<p>El seleccionado argentino Sub \u201921 de v\u00f3leibol femenino empezar\u00e1 este jueves su participaci\u00f3n en el Mundial de la categor\u00eda que<\/p>\n","protected":false},"author":2,"featured_media":42208,"comment_status":"closed","ping_status":"closed","sticky":false,"template":"","format":"standard","meta":{"footnotes":""},"categories":[16],"tags":[],"class_list":["post-42207","post","type-post","status-publish","format-standard","has-post-thumbnail","hentry","category-voley"],"cc_featured_image_caption":{"caption_text":"FOTO FEVA","source_text":"","source_url":""},"_links":{"self":[{"href":"https:\/\/todoapulmon-rafaela.com\/index.php\/wp-json\/wp\/v2\/posts\/42207"}],"collection":[{"href":"https:\/\/todoapulmon-rafaela.com\/index.php\/wp-json\/wp\/v2\/posts"}],"about":[{"href":"https:\/\/todoapulmon-rafaela.com\/index.php\/wp-json\/wp\/v2\/types\/post"}],"author":[{"embeddable":true,"href":"https:\/\/todoapulmon-rafaela.com\/index.php\/wp-json\/wp\/v2\/users\/2"}],"replies":[{"embeddable":true,"href":"https:\/\/todoapulmon-rafaela.com\/index.php\/wp-json\/wp\/v2\/comments?post=42207"}],"version-history":[{"count":1,"href":"https:\/\/todoapulmon-rafaela.com\/index.php\/wp-json\/wp\/v2\/posts\/42207\/revisions"}],"predecessor-version":[{"id":42209,"href":"https:\/\/todoapulmon-rafaela.com\/index.php\/wp-json\/wp\/v2\/posts\/42207\/revisions\/42209"}],"wp:featuredmedia":[{"embeddable":true,"href":"https:\/\/todoapulmon-rafaela.com\/index.php\/wp-json\/wp\/v2\/media\/42208"}],"wp:attachment":[{"href":"https:\/\/todoapulmon-rafaela.com\/index.php\/wp-json\/wp\/v2\/media?parent=42207"}],"wp:term":[{"taxonomy":"category","embeddable":true,"href":"https:\/\/todoapulmon-rafaela.com\/index.php\/wp-json\/wp\/v2\/categories?post=42207"},{"taxonomy":"post_tag","embeddable":true,"href":"https:\/\/todoapulmon-rafaela.com\/index.php\/wp-json\/wp\/v2\/tags?post=42207"}],"curies":[{"name":"wp","href":"https:\/\/api.w.org\/{rel}","templated":true}]}}