{"id":42199,"date":"2023-08-16T23:30:00","date_gmt":"2023-08-16T23:30:00","guid":{"rendered":"https:\/\/todoapulmon-rafaela.com\/?p=42199"},"modified":"2023-08-16T23:30:00","modified_gmt":"2023-08-16T23:30:00","slug":"cras-sumo-otros-tres-clasificados-a-los-evita","status":"publish","type":"post","link":"https:\/\/todoapulmon-rafaela.com\/index.php\/2023\/08\/16\/cras-sumo-otros-tres-clasificados-a-los-evita\/","title":{"rendered":"CRAS sum\u00f3 otros tres clasificados a los Evita"},"content":{"rendered":"<p>En las finales de atletismo de la categor\u00eda Sub 14 y Adaptado en los Juegos Santafesinos que tuvieron lugar entre martes y mi\u00e9rcoles en el CARD de Santa Fe, el CRAS de nuestra ciudad sum\u00f3 otros tres clasificados a los Juegos Nacionales Evita que se realizar\u00e1n del 25 al 30 de septiembre en Mar del Plata. Recordemos que la semana pasada se hab\u00edan clasificado diez en Sub 17.<\/p>\n<p>Lograron el objetivo mayor estos atletas entrenados por Leandro Bonamino:<\/p>\n<p>&#8211;\u00a0\u00a0\u00a0\u00a0\u00a0\u00a0\u00a0\u00a0\u00a0\u00a0Josefina Guti\u00e9rrez, en 80 y 150 metros llanos.<\/p>\n<p>&#8211;\u00a0\u00a0\u00a0\u00a0\u00a0\u00a0\u00a0\u00a0\u00a0\u00a0Tob\u00edas Barra, en marcha atl\u00e9tica.<\/p>\n<p>&#8211;\u00a0\u00a0\u00a0\u00a0\u00a0\u00a0\u00a0\u00a0\u00a0\u00a0Joaqu\u00edn Carballo (atletismo adaptado Sub 17) en lanzamiento de la bala.<\/p>\n<p>Adem\u00e1s cumplieron meritorias performances Valent\u00edn Alfonso (entrenado por Roc\u00edo Donnet) en vallas, Rodrigo Sol\u00eds y Agust\u00edn Su\u00e1rez (entrenados por Bonamino) en lanzamiento de martillo.<\/p>\n","protected":false},"excerpt":{"rendered":"<p>En las finales de atletismo de la categor\u00eda Sub 14 y Adaptado en los Juegos Santafesinos que tuvieron lugar entre<\/p>\n","protected":false},"author":2,"featured_media":42200,"comment_status":"closed","ping_status":"closed","sticky":false,"template":"","format":"standard","meta":{"footnotes":""},"categories":[7,24],"tags":[],"class_list":["post-42199","post","type-post","status-publish","format-standard","has-post-thumbnail","hentry","category-atletismo","category-noticias-destacadas"],"cc_featured_image_caption":{"caption_text":"","source_text":"","source_url":""},"_links":{"self":[{"href":"https:\/\/todoapulmon-rafaela.com\/index.php\/wp-json\/wp\/v2\/posts\/42199"}],"collection":[{"href":"https:\/\/todoapulmon-rafaela.com\/index.php\/wp-json\/wp\/v2\/posts"}],"about":[{"href":"https:\/\/todoapulmon-rafaela.com\/index.php\/wp-json\/wp\/v2\/types\/post"}],"author":[{"embeddable":true,"href":"https:\/\/todoapulmon-rafaela.com\/index.php\/wp-json\/wp\/v2\/users\/2"}],"replies":[{"embeddable":true,"href":"https:\/\/todoapulmon-rafaela.com\/index.php\/wp-json\/wp\/v2\/comments?post=42199"}],"version-history":[{"count":1,"href":"https:\/\/todoapulmon-rafaela.com\/index.php\/wp-json\/wp\/v2\/posts\/42199\/revisions"}],"predecessor-version":[{"id":42201,"href":"https:\/\/todoapulmon-rafaela.com\/index.php\/wp-json\/wp\/v2\/posts\/42199\/revisions\/42201"}],"wp:featuredmedia":[{"embeddable":true,"href":"https:\/\/todoapulmon-rafaela.com\/index.php\/wp-json\/wp\/v2\/media\/42200"}],"wp:attachment":[{"href":"https:\/\/todoapulmon-rafaela.com\/index.php\/wp-json\/wp\/v2\/media?parent=42199"}],"wp:term":[{"taxonomy":"category","embeddable":true,"href":"https:\/\/todoapulmon-rafaela.com\/index.php\/wp-json\/wp\/v2\/categories?post=42199"},{"taxonomy":"post_tag","embeddable":true,"href":"https:\/\/todoapulmon-rafaela.com\/index.php\/wp-json\/wp\/v2\/tags?post=42199"}],"curies":[{"name":"wp","href":"https:\/\/api.w.org\/{rel}","templated":true}]}}