{"id":42187,"date":"2023-08-16T12:33:18","date_gmt":"2023-08-16T12:33:18","guid":{"rendered":"https:\/\/todoapulmon-rafaela.com\/?p=42187"},"modified":"2023-08-16T12:33:18","modified_gmt":"2023-08-16T12:33:18","slug":"santiago-lange-anuncio-su-retiro","status":"publish","type":"post","link":"https:\/\/todoapulmon-rafaela.com\/index.php\/2023\/08\/16\/santiago-lange-anuncio-su-retiro\/","title":{"rendered":"Santiago Lange anunci\u00f3 su retiro"},"content":{"rendered":"<p>El medallista argentino Santiago Lange anunci\u00f3 ayer su retiro del circuito ol\u00edmpico una vez que finalice sus \u00faltimas regatas en el Mundial de Vela que se lleva a cabo en La Haya, Pa\u00edses Bajos, despu\u00e9s de m\u00e1s de 30 a\u00f1os representando a Argentina en los Juegos Ol\u00edmpicos desde Se\u00fal 1988 hasta Tokio 2020, tras no poder clasificar a la pr\u00f3xima cita en Par\u00eds 2024.<\/p>\n<p>Lange lleg\u00f3 al pico de su carrera cuando se qued\u00f3 con la medalla de oro de los Juegos Ol\u00edmpicos de Rio de Janeiro 2016 en la clase Nacra 17 junto a Cecilia Carranza Saroli. Previamente hab\u00eda conseguidos dos bronces en Atenas 2004 y Beijing 2008 con Carlos Mauricio Esp\u00edndola como compa\u00f1ero. S\u00f3lo falt\u00f3 a la edici\u00f3n de Londres 2012, cuando se vio forzado a dejar la actividad debido a un c\u00e1ncer que super\u00f3 poco tiempo antes de competir en Rio 2016.<\/p>\n<p>En las dem\u00e1s estuvo siempre presente y represent\u00f3 al deporte de vela, siendo abanderado en Tokio 2020. \u00abEl camino a Par\u00eds llego a su fin. El sue\u00f1o de clasificar a los Juegos Ol\u00edmpicos de Par\u00eds 2024 se termin\u00f3\u00bb, expres\u00f3 Lange en su publicaci\u00f3n de la red social Instagram. Y agreg\u00f3: \u00abMa\u00f1ana me toca correr las \u00faltimas tres regatas del Mundial y ser\u00e1 mi despedida del circuito ol\u00edmpico. S\u00e9 que soy un privilegiado por seguir navegando al m\u00e1ximo nivel durante tanto tiempo, as\u00ed que pienso disfrutar cada ola, cada virada, cada borneo de ese \u00faltimo d\u00eda\u00bb.<\/p>\n<p>\u00abQuiero disfrutar con Vicky Travascio, una gran amiga que me dejo este ciclo. Quiero ser muy consciente de esa felicidad que sigo sintiendo en el agua y compitiendo. Pretendo estar muy presente en cada minuto que me queda, dejar esa sensaci\u00f3n de plenitud grabada a fuego en mi memoria\u00bb, a\u00f1adi\u00f3.<\/p>\n<p>\u00abEstoy feliz por el camino recorrido, por las enormes alegr\u00edas que me dio el deporte y en eso me quiero concentrar ma\u00f1ana cuando le diga adi\u00f3s a mi pasi\u00f3n ol\u00edmpica. Ser\u00e1 un hasta luego y tambi\u00e9n un gracias a todos los que me acompa\u00f1aron en esta hermosa traves\u00eda que seguir\u00e1 con nuevos desaf\u00edos\u00bb, se\u00f1al\u00f3 Lange.<\/p>\n<p>Los clasificados en la categor\u00eda de Lange &#8211; Travascio fueron Mateo Majdalani\u00a0y\u00a0Eugenia Bosco,<b>\u00a0<\/b>ganadores de la medalla de plata en los Juegos Panamericanos de Lima 2019, quienes los desplazaron en el Mundial de Clases Ol\u00edmpicas.<\/p>\n","protected":false},"excerpt":{"rendered":"<p>El medallista argentino Santiago Lange anunci\u00f3 ayer su retiro del circuito ol\u00edmpico una vez que finalice sus \u00faltimas regatas en<\/p>\n","protected":false},"author":2,"featured_media":42188,"comment_status":"closed","ping_status":"closed","sticky":false,"template":"","format":"standard","meta":{"footnotes":""},"categories":[1],"tags":[],"class_list":["post-42187","post","type-post","status-publish","format-standard","has-post-thumbnail","hentry","category-sin-categoria"],"cc_featured_image_caption":{"caption_text":"","source_text":"","source_url":""},"_links":{"self":[{"href":"https:\/\/todoapulmon-rafaela.com\/index.php\/wp-json\/wp\/v2\/posts\/42187"}],"collection":[{"href":"https:\/\/todoapulmon-rafaela.com\/index.php\/wp-json\/wp\/v2\/posts"}],"about":[{"href":"https:\/\/todoapulmon-rafaela.com\/index.php\/wp-json\/wp\/v2\/types\/post"}],"author":[{"embeddable":true,"href":"https:\/\/todoapulmon-rafaela.com\/index.php\/wp-json\/wp\/v2\/users\/2"}],"replies":[{"embeddable":true,"href":"https:\/\/todoapulmon-rafaela.com\/index.php\/wp-json\/wp\/v2\/comments?post=42187"}],"version-history":[{"count":1,"href":"https:\/\/todoapulmon-rafaela.com\/index.php\/wp-json\/wp\/v2\/posts\/42187\/revisions"}],"predecessor-version":[{"id":42189,"href":"https:\/\/todoapulmon-rafaela.com\/index.php\/wp-json\/wp\/v2\/posts\/42187\/revisions\/42189"}],"wp:featuredmedia":[{"embeddable":true,"href":"https:\/\/todoapulmon-rafaela.com\/index.php\/wp-json\/wp\/v2\/media\/42188"}],"wp:attachment":[{"href":"https:\/\/todoapulmon-rafaela.com\/index.php\/wp-json\/wp\/v2\/media?parent=42187"}],"wp:term":[{"taxonomy":"category","embeddable":true,"href":"https:\/\/todoapulmon-rafaela.com\/index.php\/wp-json\/wp\/v2\/categories?post=42187"},{"taxonomy":"post_tag","embeddable":true,"href":"https:\/\/todoapulmon-rafaela.com\/index.php\/wp-json\/wp\/v2\/tags?post=42187"}],"curies":[{"name":"wp","href":"https:\/\/api.w.org\/{rel}","templated":true}]}}