{"id":42159,"date":"2023-08-15T18:31:11","date_gmt":"2023-08-15T18:31:11","guid":{"rendered":"https:\/\/todoapulmon-rafaela.com\/?p=42159"},"modified":"2023-08-15T18:31:11","modified_gmt":"2023-08-15T18:31:11","slug":"los-atletas-argentinos-arribaron-a-budapest","status":"publish","type":"post","link":"https:\/\/todoapulmon-rafaela.com\/index.php\/2023\/08\/15\/los-atletas-argentinos-arribaron-a-budapest\/","title":{"rendered":"Los atletas argentinos arribaron a Budapest"},"content":{"rendered":"<p>Luego de la puesta a punto en Madrid, tras su participaci\u00f3n en el Campeonato Sudamericano de Sao Paulo, la delegaci\u00f3n argentina arrib\u00f3 a Budapest para participar en el Mundial de Atletismo, que se desarrollar\u00e1 del s\u00e1bado 19 al domingo 27 de agosto.<\/p>\n<p>Juan Manuel Cano cumplir\u00e1 su s\u00e9ptima participaci\u00f3n mundialista en la marcha de 20 km, siendo as\u00ed el argentino con mayor cantidad. Tambi\u00e9n Germ\u00e1n Chiaraviglio, quien viene de obtener por quinta vez el t\u00edtulo sudamericano de garrocha, es un experimentado en los Mundiales, y ahora estar\u00e1n junto a los campeones sudamericanos Carlos Layoy (bala), Diego Lacamoire (1.500 llanos), la mediofondista Fedra Luna y Marcos Juli\u00e1n Molina (3.000 con obst\u00e1culos), entre otros.<\/p>\n<p>Para Eli\u00e1n Larregina (400 metros) y Nazareno Sasia (bala) se trata de su primer Mundial, al igual que el caso de Joaqu\u00edn Arbe en marat\u00f3n, donde posee el record nacional de 2:09.36 y ya tiene su experiencia ol\u00edmpica en Sapporo 2021. Y Joaqu\u00edn G\u00f3mez ha clasificado en lanzamiento del martillo, tras su bronce sudamericano.<\/p>\n<p>En la capital h\u00fangara se dar\u00e1n cita grandes estrellas internacionales como los noruegos Karsten Warholm (400 metros con vallas) y Jakob Ingebrigtsen (1.500 metros llanos), el sudafricano Wayde van Niekerk (400 metros llanos), la poderosa formaci\u00f3n USA \u2013de casi 140 integrantes- el sueco Armand \u201cMondo\u201d Duplantis (salto con garrocha) , la excepcional mediofondista keniata Faith Kipyegon, la venezolana Yulimar Rojas, el lanzador de bala estadounidense Ryan Crouser y otros.<\/p>\n","protected":false},"excerpt":{"rendered":"<p>Luego de la puesta a punto en Madrid, tras su participaci\u00f3n en el Campeonato Sudamericano de Sao Paulo, la delegaci\u00f3n<\/p>\n","protected":false},"author":2,"featured_media":42160,"comment_status":"closed","ping_status":"closed","sticky":false,"template":"","format":"standard","meta":{"footnotes":""},"categories":[7,24],"tags":[],"class_list":["post-42159","post","type-post","status-publish","format-standard","has-post-thumbnail","hentry","category-atletismo","category-noticias-destacadas"],"cc_featured_image_caption":{"caption_text":"FOTO CADA","source_text":"","source_url":""},"_links":{"self":[{"href":"https:\/\/todoapulmon-rafaela.com\/index.php\/wp-json\/wp\/v2\/posts\/42159"}],"collection":[{"href":"https:\/\/todoapulmon-rafaela.com\/index.php\/wp-json\/wp\/v2\/posts"}],"about":[{"href":"https:\/\/todoapulmon-rafaela.com\/index.php\/wp-json\/wp\/v2\/types\/post"}],"author":[{"embeddable":true,"href":"https:\/\/todoapulmon-rafaela.com\/index.php\/wp-json\/wp\/v2\/users\/2"}],"replies":[{"embeddable":true,"href":"https:\/\/todoapulmon-rafaela.com\/index.php\/wp-json\/wp\/v2\/comments?post=42159"}],"version-history":[{"count":1,"href":"https:\/\/todoapulmon-rafaela.com\/index.php\/wp-json\/wp\/v2\/posts\/42159\/revisions"}],"predecessor-version":[{"id":42161,"href":"https:\/\/todoapulmon-rafaela.com\/index.php\/wp-json\/wp\/v2\/posts\/42159\/revisions\/42161"}],"wp:featuredmedia":[{"embeddable":true,"href":"https:\/\/todoapulmon-rafaela.com\/index.php\/wp-json\/wp\/v2\/media\/42160"}],"wp:attachment":[{"href":"https:\/\/todoapulmon-rafaela.com\/index.php\/wp-json\/wp\/v2\/media?parent=42159"}],"wp:term":[{"taxonomy":"category","embeddable":true,"href":"https:\/\/todoapulmon-rafaela.com\/index.php\/wp-json\/wp\/v2\/categories?post=42159"},{"taxonomy":"post_tag","embeddable":true,"href":"https:\/\/todoapulmon-rafaela.com\/index.php\/wp-json\/wp\/v2\/tags?post=42159"}],"curies":[{"name":"wp","href":"https:\/\/api.w.org\/{rel}","templated":true}]}}