{"id":42153,"date":"2023-08-15T15:30:58","date_gmt":"2023-08-15T15:30:58","guid":{"rendered":"https:\/\/todoapulmon-rafaela.com\/?p=42153"},"modified":"2023-08-15T15:30:58","modified_gmt":"2023-08-15T15:30:58","slug":"la-provincia-abrio-la-inscripcion-al-programa-de-aportes-al-deporte-comunitario","status":"publish","type":"post","link":"https:\/\/todoapulmon-rafaela.com\/index.php\/2023\/08\/15\/la-provincia-abrio-la-inscripcion-al-programa-de-aportes-al-deporte-comunitario\/","title":{"rendered":"La Provincia abri\u00f3 la inscripci\u00f3n al Programa de Aportes al Deporte Comunitario"},"content":{"rendered":"<p>La secretar\u00eda de Deportes de la provincia, dependiente del Ministerio de Desarrollo Social, junto con el Consejo Provincial del Deporte (Coprode), abri\u00f3 la inscripci\u00f3n al programa Aportes al Deporte Comunitario destinado a clubes santafesinos. Las instituciones interesadas podr\u00e1n presentar la documentaci\u00f3n requerida hasta el 15 de septiembre pr\u00f3ximo.<\/p>\n<p>Al respecto, el ministro de Desarrollo Social, Danilo Capitani, destac\u00f3 que \u201cen estos a\u00f1os hemos avanzando en el fortalecimiento de los clubes, aliados fundamentales para inclusi\u00f3n social y promoci\u00f3n de derechos de las infancias. Por eso, desde cada uno de los programas que se llevan a cabo, tanto del Ministerio de Desarrollo Social como desde la secretar\u00eda de Deportes, buscamos apuntalar justamente esa posibilidad de garantizar que todos los chicos y chicas tengan mayor accesibilidad a la pr\u00e1ctica deportiva\u201d.<\/p>\n<p>Por su parte, la secretaria de Deportes, Florencia Molinero, explic\u00f3 que \u00abmediante el Coprode se acompa\u00f1a y potencia el desarrollo deportivo con diferentes programas y propuestas. En esta oportunidad se abre la inscripci\u00f3n por segunda vez a un programa destinado a clubes\u00bb.<\/p>\n<p>Asimismo, la funcionaria record\u00f3 que \u201cel Coprode es un espacio donde se trabaja en equipo con dirigentes de instituciones deportivas y autoridades de diversos municipios para lograr que los recursos sean utilizados de la mejor manera\u201d.<\/p>\n<p>Finalmente, Molinero destac\u00f3 que \u00abdesde el gobierno provincial existen otros programas que tienen el objetivo de mejorar las condiciones de los clubes como, por ejemplo Clubes + Equipados, Clubes + Iluminados, el Plan Incluir, Buenas Pr\u00e1cticas y los subsidios en los servicios de luz y agua, entre otras propuestas\u00bb.<\/p>\n<p><strong>APORTES AL DEPORTE COMUNITARIO<\/strong><\/p>\n<p>La iniciativa, destinada a instituciones deportivas de primer grado que cuenten con personer\u00eda jur\u00eddica, deportiva y subsistencia, y que est\u00e9n inscriptos en SIPAF, permite el acceso a subsidios econ\u00f3micos para infraestructura, indumentaria, material y equipamiento deportivo, as\u00ed como tambi\u00e9n para cubrir gastos de afiliaci\u00f3n a las asociaciones deportivas.<\/p>\n<p>Los clubes que hayan presentado la documentaci\u00f3n en a\u00f1os anteriores, podr\u00e1n hacerlo tambi\u00e9n en esta oportunidad, siempre y cuando hayan realizado la rendici\u00f3n completa de fondos hasta la fecha. No se admitir\u00e1n presentaciones incompletas.<\/p>\n<p>Para acceder a los requisitos que deben cumplimentar los clubes para el programa Aportes al Deporte Comunitario ingresar\u00a0<a href=\"https:\/\/www.santafe.gov.ar\/index.php\/tramites\/modul1\/index?m=descripcion&amp;id=228092\">aqu\u00ed<\/a>.<\/p>\n<p><strong>M\u00c1S INFORMACI\u00d3N<\/strong><\/p>\n<p>Para m\u00e1s informaci\u00f3n, las instituciones podr\u00e1n comunicarse con la secretar\u00eda de Deportes, en Santa Fe, al tel\u00e9fono 0342 &#8211; 4574836, o por whatsApp al +5493413670503, o dirigirse a bulevar G\u00e1lvez 1228, de lunes a viernes, de 8 a 14 horas; y en Rosario, de 8 a 14 horas, en San Mart\u00edn 2910, al tel\u00e9fono 0341 4772583, o a los correos\u00a0<a href=\"mailto:administracionrosario@santafe.gov.ar\">administracionrosario@santafe.gov.ar<\/a>,\u00a0<a href=\"mailto:clubesdeportes@santafe.gov.ar\">clubesdeportes@santafe.gov.ar .<\/a><\/p>\n<p>Fuente: Gobierno de Santa Fe.<\/p>\n","protected":false},"excerpt":{"rendered":"<p>La secretar\u00eda de Deportes de la provincia, dependiente del Ministerio de Desarrollo Social, junto con el Consejo Provincial del Deporte<\/p>\n","protected":false},"author":2,"featured_media":42154,"comment_status":"closed","ping_status":"closed","sticky":false,"template":"","format":"standard","meta":{"footnotes":""},"categories":[24],"tags":[],"class_list":["post-42153","post","type-post","status-publish","format-standard","has-post-thumbnail","hentry","category-noticias-destacadas"],"cc_featured_image_caption":{"caption_text":"Foto Gobierno de Santa Fe","source_text":"","source_url":""},"_links":{"self":[{"href":"https:\/\/todoapulmon-rafaela.com\/index.php\/wp-json\/wp\/v2\/posts\/42153"}],"collection":[{"href":"https:\/\/todoapulmon-rafaela.com\/index.php\/wp-json\/wp\/v2\/posts"}],"about":[{"href":"https:\/\/todoapulmon-rafaela.com\/index.php\/wp-json\/wp\/v2\/types\/post"}],"author":[{"embeddable":true,"href":"https:\/\/todoapulmon-rafaela.com\/index.php\/wp-json\/wp\/v2\/users\/2"}],"replies":[{"embeddable":true,"href":"https:\/\/todoapulmon-rafaela.com\/index.php\/wp-json\/wp\/v2\/comments?post=42153"}],"version-history":[{"count":1,"href":"https:\/\/todoapulmon-rafaela.com\/index.php\/wp-json\/wp\/v2\/posts\/42153\/revisions"}],"predecessor-version":[{"id":42155,"href":"https:\/\/todoapulmon-rafaela.com\/index.php\/wp-json\/wp\/v2\/posts\/42153\/revisions\/42155"}],"wp:featuredmedia":[{"embeddable":true,"href":"https:\/\/todoapulmon-rafaela.com\/index.php\/wp-json\/wp\/v2\/media\/42154"}],"wp:attachment":[{"href":"https:\/\/todoapulmon-rafaela.com\/index.php\/wp-json\/wp\/v2\/media?parent=42153"}],"wp:term":[{"taxonomy":"category","embeddable":true,"href":"https:\/\/todoapulmon-rafaela.com\/index.php\/wp-json\/wp\/v2\/categories?post=42153"},{"taxonomy":"post_tag","embeddable":true,"href":"https:\/\/todoapulmon-rafaela.com\/index.php\/wp-json\/wp\/v2\/tags?post=42153"}],"curies":[{"name":"wp","href":"https:\/\/api.w.org\/{rel}","templated":true}]}}