{"id":42143,"date":"2023-08-14T18:26:03","date_gmt":"2023-08-14T18:26:03","guid":{"rendered":"https:\/\/todoapulmon-rafaela.com\/?p=42143"},"modified":"2023-08-14T18:26:03","modified_gmt":"2023-08-14T18:26:03","slug":"hay-equipo-atendera-en-barrio-9-de-julio","status":"publish","type":"post","link":"https:\/\/todoapulmon-rafaela.com\/index.php\/2023\/08\/14\/hay-equipo-atendera-en-barrio-9-de-julio\/","title":{"rendered":"\u00abHay Equipo\u00bb atender\u00e1 en barrio 9 de Julio"},"content":{"rendered":"<div>\n<p dir=\"ltr\">Los d\u00edas mi\u00e9rcoles 16 y martes 22 de agosto, el programa municipal \u201cHay Equipo\u201d atender\u00e1 frente a la sede del Club Estudiantes, sito en Rosario 760, en el horario de 17:00 a 19:30.<\/p>\n<p dir=\"ltr\">\u201cHay Equipo\u201d otorga el \u201capto deportivo\u201d a personas de todas las edades que realizan deportes de baja y mediana complejidad. Para reservas de turnos o consultas se encuentra habilitado el n\u00famero de WhatsApp 3492 641 276.<\/p>\n<p dir=\"ltr\">El programa incluye asistencia m\u00e9dica, kinesiolog\u00eda, odontolog\u00eda y realizaci\u00f3n de electrocardiogramas.<\/p>\n<p dir=\"ltr\">Vale indicar que al mencionado programa se agreg\u00f3 el Calendario Nacional de Vacunaci\u00f3n en donde la persona que asiste al dispositivo actualiza su informaci\u00f3n al respecto y, en caso de ser necesario, es derivada al vacunatorio o centro de salud para que complete el esquema ya que las vacunas son las herramientas fundamentales para la prevenci\u00f3n de enfermedades.<\/p>\n<p dir=\"ltr\">La iniciativa es impulsada por la Subsecretar\u00eda de Salud, dependiente de la Secretar\u00eda de Desarrollo Humano de la Municipalidad de Rafaela, y se enfoca a la atenci\u00f3n primaria, previniendo y promocionando la salud. Asimismo, busca generar conciencia en la poblaci\u00f3n sobre la importancia de tener control sobre la salud del cuerpo. En ese sentido, la actividad deportiva representa un aporte significativo para llevar adelante una vida sana.<\/p>\n<\/div>\n<div><\/div>\n","protected":false},"excerpt":{"rendered":"<p>Los d\u00edas mi\u00e9rcoles 16 y martes 22 de agosto, el programa municipal \u201cHay Equipo\u201d atender\u00e1 frente a la sede del<\/p>\n","protected":false},"author":2,"featured_media":42144,"comment_status":"closed","ping_status":"closed","sticky":false,"template":"","format":"standard","meta":{"footnotes":""},"categories":[1],"tags":[],"class_list":["post-42143","post","type-post","status-publish","format-standard","has-post-thumbnail","hentry","category-sin-categoria"],"cc_featured_image_caption":{"caption_text":"Foto prensa Municipalidad","source_text":"","source_url":""},"_links":{"self":[{"href":"https:\/\/todoapulmon-rafaela.com\/index.php\/wp-json\/wp\/v2\/posts\/42143"}],"collection":[{"href":"https:\/\/todoapulmon-rafaela.com\/index.php\/wp-json\/wp\/v2\/posts"}],"about":[{"href":"https:\/\/todoapulmon-rafaela.com\/index.php\/wp-json\/wp\/v2\/types\/post"}],"author":[{"embeddable":true,"href":"https:\/\/todoapulmon-rafaela.com\/index.php\/wp-json\/wp\/v2\/users\/2"}],"replies":[{"embeddable":true,"href":"https:\/\/todoapulmon-rafaela.com\/index.php\/wp-json\/wp\/v2\/comments?post=42143"}],"version-history":[{"count":1,"href":"https:\/\/todoapulmon-rafaela.com\/index.php\/wp-json\/wp\/v2\/posts\/42143\/revisions"}],"predecessor-version":[{"id":42145,"href":"https:\/\/todoapulmon-rafaela.com\/index.php\/wp-json\/wp\/v2\/posts\/42143\/revisions\/42145"}],"wp:featuredmedia":[{"embeddable":true,"href":"https:\/\/todoapulmon-rafaela.com\/index.php\/wp-json\/wp\/v2\/media\/42144"}],"wp:attachment":[{"href":"https:\/\/todoapulmon-rafaela.com\/index.php\/wp-json\/wp\/v2\/media?parent=42143"}],"wp:term":[{"taxonomy":"category","embeddable":true,"href":"https:\/\/todoapulmon-rafaela.com\/index.php\/wp-json\/wp\/v2\/categories?post=42143"},{"taxonomy":"post_tag","embeddable":true,"href":"https:\/\/todoapulmon-rafaela.com\/index.php\/wp-json\/wp\/v2\/tags?post=42143"}],"curies":[{"name":"wp","href":"https:\/\/api.w.org\/{rel}","templated":true}]}}