{"id":42113,"date":"2023-08-13T13:07:42","date_gmt":"2023-08-13T13:07:42","guid":{"rendered":"https:\/\/todoapulmon-rafaela.com\/?p=42113"},"modified":"2023-08-13T13:09:42","modified_gmt":"2023-08-13T13:09:42","slug":"el-record-de-campeonato-superado-de-un-rafaelino-por-otro-rafaelino","status":"publish","type":"post","link":"https:\/\/todoapulmon-rafaela.com\/index.php\/2023\/08\/13\/el-record-de-campeonato-superado-de-un-rafaelino-por-otro-rafaelino\/","title":{"rendered":"El r\u00e9cord de campeonato superado de un rafaelino por otro rafaelino"},"content":{"rendered":"<p>En el atletismo argentino los r\u00e9cords suelen perdurar durante bastante tiempo en algunos casos, en otros no. En cuanto a las pruebas de velocidad, hablando de las categor\u00edas juveniles, en los \u00faltimos a\u00f1os han surgido buenos valores y Rafaela puede enorgullecerse de haber contribuido a esas superaciones.<\/p>\n<p>Santiago Daperno tuvo este fin de semana en C\u00f3rdoba una actuaci\u00f3n superlativa. Fue el sprinter destacado de la Copa Nacional de Clubes U16 ganando los 80 metros y 200 metros llanos, con la particularidad de haber conseguido quebrar marcas de campeonato que hab\u00eda logrado otro rafaelino, Tom\u00e1s Mondino, en mayo de 2019 cuando pertenec\u00eda a esa misma categor\u00eda.<\/p>\n<figure id=\"attachment_42116\" aria-describedby=\"caption-attachment-42116\" style=\"width: 800px\" class=\"wp-caption alignnone\"><img loading=\"lazy\" decoding=\"async\" class=\"size-full wp-image-42116\" src=\"https:\/\/todoapulmon-rafaela.com\/wp-content\/uploads\/2023\/08\/Recuerdo-Mondino-80-metros.jpg\" alt=\"\" width=\"800\" height=\"445\" srcset=\"https:\/\/todoapulmon-rafaela.com\/wp-content\/uploads\/2023\/08\/Recuerdo-Mondino-80-metros.jpg 800w, https:\/\/todoapulmon-rafaela.com\/wp-content\/uploads\/2023\/08\/Recuerdo-Mondino-80-metros-300x167.jpg 300w\" sizes=\"(max-width: 800px) 100vw, 800px\" \/><figcaption id=\"caption-attachment-42116\" class=\"wp-caption-text\">Tom\u00e1s Mondino cuando gan\u00f3 en 2919 en Mar del Plata.<\/figcaption><\/figure>\n<p>Daperno (de 15 a\u00f1os y 6 meses) el viernes se impuso en la distancia menor con 9s 16 superando los 9s 19 que Mondino hab\u00eda logrado en 2019 (en ese momento estaba por cumplir 14) en la Copa Nacional de Clubes U16 que se hab\u00eda realizado en esa ocasi\u00f3n en Mar del Plata. Ese fue el a\u00f1o en que tambi\u00e9n Tomy hab\u00eda integrado el equipo de CRAS que obtuvo el bicampeonato del mencionado trofeo (en 2018 el club rafaelino lo hab\u00eda logrado en Concepci\u00f3n del Uruguay).<\/p>\n<p>En cuanto a los 200 metros, Daperno se impuso el s\u00e1bado con 23s 14, competencia en que Mondino en 2019 hab\u00eda prevalecido con 23s 30.<\/p>\n<p>El excelente nivel mostrado por el atleta entrenado por Leandro Bonamino en la Docta ratifica su paulatina evoluci\u00f3n, sin dudas un importante aliciente de cara al futuro.<\/p>\n<p>Cabe aclarar -por si acaso-, que cuando se habla de r\u00e9cord de campeonato no debe confundirse con r\u00e9cord argentino. Mondino a fines de 2020 hab\u00eda establecido un registro de 8s 97 cent\u00e9simas en un control de marcas que hab\u00eda establecido la CADA en Concordia. Eran tiempos en que volv\u00eda paulatinamente el deporte competitivo tras la pandemia y se organizaban esas competencias por fuera de torneos en s\u00ed.<\/p>\n<p>La categor\u00eda U16 tendr\u00e1 este a\u00f1o su campeonato Nacional, es decir donde los atletas representar\u00e1n a sus Federaciones Provinciales y no a los clubes como fue este fin de semana, el 11 y 12 de noviembre en Santa Fe. Seguramente all\u00ed estar\u00e1 otro de los objetivos de Daperno para ponerle la frutilla al postre a un a\u00f1o que con estos logros ya es excelente.<\/p>\n","protected":false},"excerpt":{"rendered":"<p>En el atletismo argentino los r\u00e9cords suelen perdurar durante bastante tiempo en algunos casos, en otros no. En cuanto a<\/p>\n","protected":false},"author":2,"featured_media":42115,"comment_status":"closed","ping_status":"closed","sticky":false,"template":"","format":"standard","meta":{"footnotes":""},"categories":[7,24],"tags":[],"class_list":["post-42113","post","type-post","status-publish","format-standard","has-post-thumbnail","hentry","category-atletismo","category-noticias-destacadas"],"cc_featured_image_caption":{"caption_text":"Santiago Daperno fue el sprinter destacado de la Copa Nacional U16.","source_text":"","source_url":""},"_links":{"self":[{"href":"https:\/\/todoapulmon-rafaela.com\/index.php\/wp-json\/wp\/v2\/posts\/42113"}],"collection":[{"href":"https:\/\/todoapulmon-rafaela.com\/index.php\/wp-json\/wp\/v2\/posts"}],"about":[{"href":"https:\/\/todoapulmon-rafaela.com\/index.php\/wp-json\/wp\/v2\/types\/post"}],"author":[{"embeddable":true,"href":"https:\/\/todoapulmon-rafaela.com\/index.php\/wp-json\/wp\/v2\/users\/2"}],"replies":[{"embeddable":true,"href":"https:\/\/todoapulmon-rafaela.com\/index.php\/wp-json\/wp\/v2\/comments?post=42113"}],"version-history":[{"count":4,"href":"https:\/\/todoapulmon-rafaela.com\/index.php\/wp-json\/wp\/v2\/posts\/42113\/revisions"}],"predecessor-version":[{"id":42119,"href":"https:\/\/todoapulmon-rafaela.com\/index.php\/wp-json\/wp\/v2\/posts\/42113\/revisions\/42119"}],"wp:featuredmedia":[{"embeddable":true,"href":"https:\/\/todoapulmon-rafaela.com\/index.php\/wp-json\/wp\/v2\/media\/42115"}],"wp:attachment":[{"href":"https:\/\/todoapulmon-rafaela.com\/index.php\/wp-json\/wp\/v2\/media?parent=42113"}],"wp:term":[{"taxonomy":"category","embeddable":true,"href":"https:\/\/todoapulmon-rafaela.com\/index.php\/wp-json\/wp\/v2\/categories?post=42113"},{"taxonomy":"post_tag","embeddable":true,"href":"https:\/\/todoapulmon-rafaela.com\/index.php\/wp-json\/wp\/v2\/tags?post=42113"}],"curies":[{"name":"wp","href":"https:\/\/api.w.org\/{rel}","templated":true}]}}