{"id":4203,"date":"2017-01-03T17:25:45","date_gmt":"2017-01-03T17:25:45","guid":{"rendered":"http:\/\/todoapulmon-rafaela.com\/?p=4203"},"modified":"2017-01-03T17:25:45","modified_gmt":"2017-01-03T17:25:45","slug":"presencia-rafaelina-en-el-giro-del-sol-2","status":"publish","type":"post","link":"https:\/\/todoapulmon-rafaela.com\/index.php\/2017\/01\/03\/presencia-rafaelina-en-el-giro-del-sol-2\/","title":{"rendered":"Presencia rafaelina en el Giro del Sol"},"content":{"rendered":"<p>El Giro del Sol, en su XV edici\u00f3n, ser\u00e1 la mejor antesala para los equipos que s\u00ed disputar\u00e1n la Vuelta UCI dentro de veinte d\u00edas, y ser\u00e1 uno de los objetivos importantes del a\u00f1o para las escuadras de San Juan y del pa\u00eds que quedar\u00e1n al margen de la Vuelta por no tener licencia continental.<\/p>\n<p>El Giro constar\u00e1 de un pr\u00f3logo y cuatro etapas. Arrancar\u00e1 ma\u00f1ana por la noche con una prueba contrarreloj por equipos en Avenida de Circunvalaci\u00f3n de San Juan, el jueves unir\u00e1 Capital con 9 de Julio, el viernes se disputar\u00e1 \u00edntegramente en Sarmiento, el s\u00e1bado partir\u00e1 desde Santa Luc\u00eda y despu\u00e9s de ir a la Difunta finalizar\u00e1 en Chimbas y el gran cierre el domingo unir\u00e1 Capital con un circuito en Pocito.<\/p>\n<p>La competencia contar\u00e1 con la participaci\u00f3n de 18 equipos, entre ellos el SAT bonaerense que integra el rafaelino Mauro Agostini y que hizo su presentaci\u00f3n inicial del a\u00f1o el 1 en la Difunta Correa, prueba que fue ganada por Adri\u00e1n Richeze.<\/p>\n<p>El Giro entregar\u00e1 premios por 138.000 pesos.<\/p>\n","protected":false},"excerpt":{"rendered":"<p>El Giro del Sol, en su XV edici\u00f3n, ser\u00e1 la mejor antesala para los equipos que s\u00ed disputar\u00e1n la Vuelta<\/p>\n","protected":false},"author":2,"featured_media":4201,"comment_status":"open","ping_status":"open","sticky":false,"template":"","format":"standard","meta":{"footnotes":""},"categories":[4],"tags":[],"class_list":["post-4203","post","type-post","status-publish","format-standard","has-post-thumbnail","hentry","category-ciclismo"],"cc_featured_image_caption":{"caption_text":"Una de las im\u00e1genes de la Difunta Correa, corrida el domingo y donde estuvo el SAT con Mauro Agostini (foto ciclismoenfotos).","source_text":"","source_url":""},"_links":{"self":[{"href":"https:\/\/todoapulmon-rafaela.com\/index.php\/wp-json\/wp\/v2\/posts\/4203"}],"collection":[{"href":"https:\/\/todoapulmon-rafaela.com\/index.php\/wp-json\/wp\/v2\/posts"}],"about":[{"href":"https:\/\/todoapulmon-rafaela.com\/index.php\/wp-json\/wp\/v2\/types\/post"}],"author":[{"embeddable":true,"href":"https:\/\/todoapulmon-rafaela.com\/index.php\/wp-json\/wp\/v2\/users\/2"}],"replies":[{"embeddable":true,"href":"https:\/\/todoapulmon-rafaela.com\/index.php\/wp-json\/wp\/v2\/comments?post=4203"}],"version-history":[{"count":1,"href":"https:\/\/todoapulmon-rafaela.com\/index.php\/wp-json\/wp\/v2\/posts\/4203\/revisions"}],"predecessor-version":[{"id":4204,"href":"https:\/\/todoapulmon-rafaela.com\/index.php\/wp-json\/wp\/v2\/posts\/4203\/revisions\/4204"}],"wp:featuredmedia":[{"embeddable":true,"href":"https:\/\/todoapulmon-rafaela.com\/index.php\/wp-json\/wp\/v2\/media\/4201"}],"wp:attachment":[{"href":"https:\/\/todoapulmon-rafaela.com\/index.php\/wp-json\/wp\/v2\/media?parent=4203"}],"wp:term":[{"taxonomy":"category","embeddable":true,"href":"https:\/\/todoapulmon-rafaela.com\/index.php\/wp-json\/wp\/v2\/categories?post=4203"},{"taxonomy":"post_tag","embeddable":true,"href":"https:\/\/todoapulmon-rafaela.com\/index.php\/wp-json\/wp\/v2\/tags?post=4203"}],"curies":[{"name":"wp","href":"https:\/\/api.w.org\/{rel}","templated":true}]}}